{"id":343,"date":"2016-04-14T19:56:43","date_gmt":"2016-04-14T19:56:43","guid":{"rendered":"http:\/\/www.goldstadt-tv.de\/?p=343"},"modified":"2016-04-14T19:56:43","modified_gmt":"2016-04-14T19:56:43","slug":"pforzheim-mit-dem-bmw-gedreht-und-ein-verkehrszeichen-auf-dem-gehweg-umgehauen-14-04-2016","status":"publish","type":"post","link":"http:\/\/www.goldstadt-tv.de\/index.php\/2016\/04\/14\/pforzheim-mit-dem-bmw-gedreht-und-ein-verkehrszeichen-auf-dem-gehweg-umgehauen-14-04-2016\/","title":{"rendered":"Pforzheim: Mit dem BMW gedreht und ein Verkehrszeichen auf dem Gehweg umgehauen &#8211; 14.04.2016"},"content":{"rendered":"<p>Ein Unfall ereignete sich heute gegen 18:45 auf der Parkstra\u00dfe. Der gr\u00fcne BMW befuhr die Parkstra\u00dfe aus Richtung der Anshelmstra\u00dfe in Richtung des altst\u00e4dter Kirchenwegs. Kurz nach derKreuzung Parkstr.\/\u00d6stliche kam der BMW ins Schleudern, drehte sich und prallte in der Parkstra\u00dfe gegen ein Verkehrszeichen. Dieser knickte um und wurde so stark besch\u00e4digt, dass um die Fu\u00dfg\u00e4nger nicht zu gef\u00e4hrden von der Polizei vor Ort und Stelle abgeknickt und zur Seite gelegt wurde. Die technischen Dienste wurden von der Polizei verst\u00e4ndigt. Zum Gl\u00fcck wurde bei dem Unfall verletzt, der BMW musste jedoch abgeschleppt werden. Die Polizei geht davon aus, dass der BMW mit \u00fcberh\u00f6hter Geschwindigkeit unterwegs war. Kundige Polizeibeamte wurden zu der Unfallstelle hinzugerufen und \u00fcberpr\u00fcften den PKW auf Tuning und ver\u00e4nderte Sachen.<\/p>\n<p><a data-flickr-embed=\"true\" data-footer=\"true\"  href=\"https:\/\/www.flickr.com\/photos\/goldstadttv\/albums\/72157666609167090\" title=\"Pforzheim: VU Parkstr. - 14.04.2016\"><img loading=\"lazy\" decoding=\"async\" src=\"https:\/\/farm2.staticflickr.com\/1508\/26431075005_9916af2e09_b.jpg\" width=\"1024\" height=\"683\" alt=\"Pforzheim: VU Parkstr. - 14.04.2016\"><\/a><script async src=\"\/\/embedr.flickr.com\/assets\/client-code.js\" charset=\"utf-8\"><\/script><\/p>\n","protected":false},"excerpt":{"rendered":"<p>Ein Unfall ereignete sich heute gegen 18:45 auf der Parkstra\u00dfe. Der gr\u00fcne BMW befuhr die Parkstra\u00dfe aus Richtung der Anshelmstra\u00dfe<\/p>\n","protected":false},"author":1,"featured_media":344,"comment_status":"open","ping_status":"open","sticky":false,"template":"","format":"standard","meta":{"_monsterinsights_skip_tracking":false,"_monsterinsights_sitenote_active":false,"_monsterinsights_sitenote_note":"","_monsterinsights_sitenote_category":0,"footnotes":""},"categories":[42,40,88],"tags":[335,158,333,44,334],"_links":{"self":[{"href":"http:\/\/www.goldstadt-tv.de\/index.php\/wp-json\/wp\/v2\/posts\/343"}],"collection":[{"href":"http:\/\/www.goldstadt-tv.de\/index.php\/wp-json\/wp\/v2\/posts"}],"about":[{"href":"http:\/\/www.goldstadt-tv.de\/index.php\/wp-json\/wp\/v2\/types\/post"}],"author":[{"embeddable":true,"href":"http:\/\/www.goldstadt-tv.de\/index.php\/wp-json\/wp\/v2\/users\/1"}],"replies":[{"embeddable":true,"href":"http:\/\/www.goldstadt-tv.de\/index.php\/wp-json\/wp\/v2\/comments?post=343"}],"version-history":[{"count":0,"href":"http:\/\/www.goldstadt-tv.de\/index.php\/wp-json\/wp\/v2\/posts\/343\/revisions"}],"wp:featuredmedia":[{"embeddable":true,"href":"http:\/\/www.goldstadt-tv.de\/index.php\/wp-json\/wp\/v2\/media\/344"}],"wp:attachment":[{"href":"http:\/\/www.goldstadt-tv.de\/index.php\/wp-json\/wp\/v2\/media?parent=343"}],"wp:term":[{"taxonomy":"category","embeddable":true,"href":"http:\/\/www.goldstadt-tv.de\/index.php\/wp-json\/wp\/v2\/categories?post=343"},{"taxonomy":"post_tag","embeddable":true,"href":"http:\/\/www.goldstadt-tv.de\/index.php\/wp-json\/wp\/v2\/tags?post=343"}],"curies":[{"name":"wp","href":"https:\/\/api.w.org\/{rel}","templated":true}]}}