{"id":316,"date":"2016-03-26T11:43:13","date_gmt":"2016-03-26T11:43:13","guid":{"rendered":"http:\/\/www.goldstadt-tv.de\/?p=316"},"modified":"2016-03-26T18:21:47","modified_gmt":"2016-03-26T18:21:47","slug":"remchingen-frontalzusammenstoss-zwischen-remchingen-und-koenigsbach-stein-rettungshubschrauber-landet-26-03-2016","status":"publish","type":"post","link":"http:\/\/www.goldstadt-tv.de\/index.php\/2016\/03\/26\/remchingen-frontalzusammenstoss-zwischen-remchingen-und-koenigsbach-stein-rettungshubschrauber-landet-26-03-2016\/","title":{"rendered":"Remchingen: Frontalzusammensto\u00df zwischen Remchingen und K\u00f6nigsbach-Stein &#8211; Rettungshubschrauber landet &#8211; 26.03.2016"},"content":{"rendered":"<p>Schwere Verletzungen erlitt eine 54-j\u00e4hrige Fahrzeuglenkerin bei einem Verkehrsunfall am heutigen Samstagmorgen gegen 08.20 Uhr auf der Landstra\u00dfe 570. Nach den bisherigen Erkenntnissen des Verkehrskommissariats Pforzheim zog die Fahrzeugf\u00fchrerin zwischen Remchingen und K\u00f6nigsbach aus noch unklarer Ursache auf die Fahrspur des Gegenverkehrs und kollidierte dort frontal mit einem aus Richtung Remchingen entgegenkommenden 7,5-Tonnen Lkw. Die Unfallverursacherin wurde in ihrem Pkw eingeklemmt und musste durch die Feuerwehr Remchingen befreit werden.<br \/>\nSie erlitt schwere Verletzungen. Die beiden Insassen des Lkw wurden leicht verletzt. Bei dem Unfall entstand ein Sachschaden von ca. 9 000 Euro. Die L 570 war w\u00e4hrend der Bergung sowie zur Unfallaufnahme und Fahrbahnreinigung bis gegen 12.00 Uhr voll gesperrt.<\/p>\n<p><strong>Meldet Unf\u00e4lle und andere Ereignisse auf der Autobahn, Stadt oder Enzkreis anonym rund um die Uhr per Anruf, SMS oder WhatsApp an 0176\/ 459 179 02!<\/strong><\/p>\n<p><a data-flickr-embed=\"true\" data-footer=\"true\"  href=\"https:\/\/www.flickr.com\/photos\/goldstadttv\/albums\/72157666396923695\" title=\"K\u00f6nigsbach-Stein: Frontalzusammensto\u00df zw. Remchingen und K\u00f6nigsbach-Stein - 26.03.2016\"><img loading=\"lazy\" decoding=\"async\" src=\"https:\/\/farm2.staticflickr.com\/1608\/25770967950_594287cf32_b.jpg\" width=\"1024\" height=\"683\" alt=\"K\u00f6nigsbach-Stein: Frontalzusammensto\u00df zw. Remchingen und K\u00f6nigsbach-Stein - 26.03.2016\"><\/a><script async src=\"\/\/embedr.flickr.com\/assets\/client-code.js\" charset=\"utf-8\"><\/script><\/p>\n","protected":false},"excerpt":{"rendered":"<p>Schwere Verletzungen erlitt eine 54-j\u00e4hrige Fahrzeuglenkerin bei einem Verkehrsunfall am heutigen Samstagmorgen gegen 08.20 Uhr auf der Landstra\u00dfe 570. Nach<\/p>\n","protected":false},"author":1,"featured_media":317,"comment_status":"open","ping_status":"open","sticky":false,"template":"","format":"standard","meta":{"_monsterinsights_skip_tracking":false,"_monsterinsights_sitenote_active":false,"_monsterinsights_sitenote_note":"","_monsterinsights_sitenote_category":0,"footnotes":""},"categories":[217,302,206,88],"tags":[303,304,306,307,207,305,83,309,140,308],"_links":{"self":[{"href":"http:\/\/www.goldstadt-tv.de\/index.php\/wp-json\/wp\/v2\/posts\/316"}],"collection":[{"href":"http:\/\/www.goldstadt-tv.de\/index.php\/wp-json\/wp\/v2\/posts"}],"about":[{"href":"http:\/\/www.goldstadt-tv.de\/index.php\/wp-json\/wp\/v2\/types\/post"}],"author":[{"embeddable":true,"href":"http:\/\/www.goldstadt-tv.de\/index.php\/wp-json\/wp\/v2\/users\/1"}],"replies":[{"embeddable":true,"href":"http:\/\/www.goldstadt-tv.de\/index.php\/wp-json\/wp\/v2\/comments?post=316"}],"version-history":[{"count":0,"href":"http:\/\/www.goldstadt-tv.de\/index.php\/wp-json\/wp\/v2\/posts\/316\/revisions"}],"wp:featuredmedia":[{"embeddable":true,"href":"http:\/\/www.goldstadt-tv.de\/index.php\/wp-json\/wp\/v2\/media\/317"}],"wp:attachment":[{"href":"http:\/\/www.goldstadt-tv.de\/index.php\/wp-json\/wp\/v2\/media?parent=316"}],"wp:term":[{"taxonomy":"category","embeddable":true,"href":"http:\/\/www.goldstadt-tv.de\/index.php\/wp-json\/wp\/v2\/categories?post=316"},{"taxonomy":"post_tag","embeddable":true,"href":"http:\/\/www.goldstadt-tv.de\/index.php\/wp-json\/wp\/v2\/tags?post=316"}],"curies":[{"name":"wp","href":"https:\/\/api.w.org\/{rel}","templated":true}]}}