{"id":304,"date":"2016-03-20T11:51:48","date_gmt":"2016-03-20T11:51:48","guid":{"rendered":"http:\/\/www.goldstadt-tv.de\/?p=304"},"modified":"2016-03-20T11:51:48","modified_gmt":"2016-03-20T11:51:48","slug":"bad-liebenzell-fahrer-und-alkoholeinfluss-erfaast-personengruppe-auf-dem-buergersteig-19-03-2016","status":"publish","type":"post","link":"http:\/\/www.goldstadt-tv.de\/index.php\/2016\/03\/20\/bad-liebenzell-fahrer-und-alkoholeinfluss-erfaast-personengruppe-auf-dem-buergersteig-19-03-2016\/","title":{"rendered":"Bad Liebenzell: Fahrer und Alkoholeinfluss erfaast Personengruppe auf dem B\u00fcrgersteig &#8211; 19.03.2016"},"content":{"rendered":"<p>Am Samstag, den 19.03.2016, gegen 21.25 Uhr, ereignete sich am Ortseingang von Bad Liebenzell, in der Kirchstra\u00dfe, ein schwerer Verkehrsunfall. Ein 40-j\u00e4hriger VW-Fahrer, der die L 343 von Sch\u00f6mberg in Richtung Bad Liebenzell befahren hatte, kam kurz nach dem Anwesen Kirchstra\u00dfe 49 mit seinem Fahrzeug nach rechts von der Fahrbahn ab, erfasste drei auf dem Gehweg stehende Personen und streifte anschlie\u00dfend noch einen am Fahrbahnrand geparkten Pkw. Eine 37-j\u00e4hrige Frau, ein 30-j\u00e4hriger und ein 39-j\u00e4hriger Mann wurden hierbei schwerer verletzt und mussten jeweils station\u00e4r im Krankenhaus aufgenommen werden. Der Unfallverursacher hingegen blieb unverletzt. Durch den Aufprall wurde die 37-j\u00e4hrige Frau zwischen dem geparkten Pkw und der Hauswand eingeklemmt und musste von der Feuerwehr Bad Liebenzell befreit werden. Im Rahmen der Unfallaufnahme wurde festgestellt, dass der Unfallverursacher unter alkoholischer Beeinflussung stand. Bei ihm wurde eine Blutprobe entnommen und sein F\u00fchrerschein wurde einbehalten. An den beiden Fahrzeugen entstand erheblicher Sachschaden. Bei der Unfallaufnahme waren insgesamt drei Rettungsw\u00e4gen, zwei Not\u00e4rzte, die Feuerwehr Bad Liebenzell mit drei Fahrzeugen, sowie die Polizei mit drei Streifenbesatzungen im Einsatz. <\/p>\n<p><strong>Meldet Unf\u00e4lle und andere Ereignisse rund um die Uhr hier oder anonym per Telefon, SMS oder WhatsApp an 0176\/ 459 179 02!<\/strong><\/p>\n<p><a data-flickr-embed=\"true\" data-footer=\"true\"  href=\"https:\/\/www.flickr.com\/photos\/goldstadttv\/albums\/72157665584571090\" title=\"Bad Liebenzell: PKW erfasst Fu\u00dfg\u00e4nger am B\u00fcrgersteig - 19.03.2016\"><img loading=\"lazy\" decoding=\"async\" src=\"https:\/\/farm2.staticflickr.com\/1540\/25628584870_ddb51aaf92_b.jpg\" width=\"1024\" height=\"683\" alt=\"Bad Liebenzell: PKW erfasst Fu\u00dfg\u00e4nger am B\u00fcrgersteig - 19.03.2016\"><\/a><script async src=\"\/\/embedr.flickr.com\/assets\/client-code.js\" charset=\"utf-8\"><\/script><\/p>\n","protected":false},"excerpt":{"rendered":"<p>Am Samstag, den 19.03.2016, gegen 21.25 Uhr, ereignete sich am Ortseingang von Bad Liebenzell, in der Kirchstra\u00dfe, ein schwerer Verkehrsunfall.<\/p>\n","protected":false},"author":1,"featured_media":305,"comment_status":"open","ping_status":"open","sticky":false,"template":"","format":"standard","meta":{"_monsterinsights_skip_tracking":false,"_monsterinsights_sitenote_active":false,"_monsterinsights_sitenote_note":"","_monsterinsights_sitenote_category":0,"footnotes":""},"categories":[42,178,240],"tags":[288,287,157,284,285,156,286],"_links":{"self":[{"href":"http:\/\/www.goldstadt-tv.de\/index.php\/wp-json\/wp\/v2\/posts\/304"}],"collection":[{"href":"http:\/\/www.goldstadt-tv.de\/index.php\/wp-json\/wp\/v2\/posts"}],"about":[{"href":"http:\/\/www.goldstadt-tv.de\/index.php\/wp-json\/wp\/v2\/types\/post"}],"author":[{"embeddable":true,"href":"http:\/\/www.goldstadt-tv.de\/index.php\/wp-json\/wp\/v2\/users\/1"}],"replies":[{"embeddable":true,"href":"http:\/\/www.goldstadt-tv.de\/index.php\/wp-json\/wp\/v2\/comments?post=304"}],"version-history":[{"count":0,"href":"http:\/\/www.goldstadt-tv.de\/index.php\/wp-json\/wp\/v2\/posts\/304\/revisions"}],"wp:featuredmedia":[{"embeddable":true,"href":"http:\/\/www.goldstadt-tv.de\/index.php\/wp-json\/wp\/v2\/media\/305"}],"wp:attachment":[{"href":"http:\/\/www.goldstadt-tv.de\/index.php\/wp-json\/wp\/v2\/media?parent=304"}],"wp:term":[{"taxonomy":"category","embeddable":true,"href":"http:\/\/www.goldstadt-tv.de\/index.php\/wp-json\/wp\/v2\/categories?post=304"},{"taxonomy":"post_tag","embeddable":true,"href":"http:\/\/www.goldstadt-tv.de\/index.php\/wp-json\/wp\/v2\/tags?post=304"}],"curies":[{"name":"wp","href":"https:\/\/api.w.org\/{rel}","templated":true}]}}