{"id":239,"date":"2016-03-02T21:32:03","date_gmt":"2016-03-02T21:32:03","guid":{"rendered":"http:\/\/www.goldstadt-tv.de\/?p=239"},"modified":"2016-03-03T20:00:50","modified_gmt":"2016-03-03T20:00:50","slug":"karlsruhe-schwerer-bahnunfall-auf-der-erzbergerstr-02-03-2016","status":"publish","type":"post","link":"http:\/\/www.goldstadt-tv.de\/index.php\/2016\/03\/02\/karlsruhe-schwerer-bahnunfall-auf-der-erzbergerstr-02-03-2016\/","title":{"rendered":"Karlsruhe: Schwerer Bahnunfall auf der Erzbergerstr. &#8211; 02.03.2016"},"content":{"rendered":"<p>Mit schweren Verletzungen an Kopf und<br \/>\nWirbels\u00e4ule musste ein 7-j\u00e4hriges M\u00e4dchen nach einem Unfall am<br \/>\nMittwochnachmittag in die Kinderklinik eingeliefert werden. Das<br \/>\nM\u00e4dchen war um 17.20 Uhr zusammen mit ihrer Schwester und zwei<br \/>\nFreundinnen mit dem Kinderroller in der Karlsruher Nordstadt<br \/>\nuntwerwegs. Kurz nach der Kreuzung &#8222;Am Wald&#8220; \u00fcberquerte das Kind die<br \/>\nErzberger Stra\u00dfe und blieb auf dem Gleisk\u00f6rper der parallel zur<br \/>\nFahrbahn verlaufenden Stra\u00dfenbahn stehen. Die aus Richtung<br \/>\nWei\u00dfdornweg kommende Stra\u00dfenbahn, die an der Haltestelle Heideweg<br \/>\nanhalten wollte, erfasste das Kind trotz Einleitung einer<br \/>\nGefahrenbremsung. Es erlitt schwere Verletzungen. Lebensgefahr ist<br \/>\nnicht auszuschlie\u00dfen. Der 58-j\u00e4hrige Fahrer der Stra\u00dfenbahn erlitt<br \/>\neinen schweren Schock und musste ebenfalls ins Krankenhaus<br \/>\neingeliefert werden.<\/p>\n<div id='gallery-1' class='gallery galleryid-239 gallery-columns-3 gallery-size-colormag-featured-image'><figure class='gallery-item'>\n\t\t\t<div class='gallery-icon landscape'>\n\t\t\t\t<a href='http:\/\/www.goldstadt-tv.de\/index.php\/2016\/03\/02\/karlsruhe-schwerer-bahnunfall-auf-der-erzbergerstr-02-03-2016\/dsc_0022_24820485173_o\/'><img loading=\"lazy\" decoding=\"async\" width=\"800\" height=\"445\" src=\"http:\/\/www.goldstadt-tv.de\/wp-content\/uploads\/2016\/03\/dsc_0022_24820485173_o-800x445.jpg\" class=\"attachment-colormag-featured-image size-colormag-featured-image\" alt=\"\" \/><\/a>\n\t\t\t<\/div><\/figure><figure class='gallery-item'>\n\t\t\t<div class='gallery-icon landscape'>\n\t\t\t\t<a href='http:\/\/www.goldstadt-tv.de\/index.php\/2016\/03\/02\/karlsruhe-schwerer-bahnunfall-auf-der-erzbergerstr-02-03-2016\/dsc_0023_24816637764_o\/'><img loading=\"lazy\" decoding=\"async\" width=\"800\" height=\"445\" src=\"http:\/\/www.goldstadt-tv.de\/wp-content\/uploads\/2016\/03\/dsc_0023_24816637764_o-800x445.jpg\" class=\"attachment-colormag-featured-image size-colormag-featured-image\" alt=\"\" \/><\/a>\n\t\t\t<\/div><\/figure><figure class='gallery-item'>\n\t\t\t<div class='gallery-icon landscape'>\n\t\t\t\t<a href='http:\/\/www.goldstadt-tv.de\/index.php\/2016\/03\/02\/karlsruhe-schwerer-bahnunfall-auf-der-erzbergerstr-02-03-2016\/dsc_0024_25079589339_o\/'><img loading=\"lazy\" decoding=\"async\" width=\"800\" height=\"445\" src=\"http:\/\/www.goldstadt-tv.de\/wp-content\/uploads\/2016\/03\/dsc_0024_25079589339_o-800x445.jpg\" class=\"attachment-colormag-featured-image size-colormag-featured-image\" alt=\"\" \/><\/a>\n\t\t\t<\/div><\/figure><figure class='gallery-item'>\n\t\t\t<div class='gallery-icon landscape'>\n\t\t\t\t<a href='http:\/\/www.goldstadt-tv.de\/index.php\/2016\/03\/02\/karlsruhe-schwerer-bahnunfall-auf-der-erzbergerstr-02-03-2016\/dsc_0025_25079582649_o\/'><img loading=\"lazy\" decoding=\"async\" width=\"800\" height=\"445\" src=\"http:\/\/www.goldstadt-tv.de\/wp-content\/uploads\/2016\/03\/dsc_0025_25079582649_o-800x445.jpg\" class=\"attachment-colormag-featured-image size-colormag-featured-image\" alt=\"\" \/><\/a>\n\t\t\t<\/div><\/figure>\n\t\t<\/div>\n\n","protected":false},"excerpt":{"rendered":"<p>Mit schweren Verletzungen an Kopf und Wirbels\u00e4ule musste ein 7-j\u00e4hriges M\u00e4dchen nach einem Unfall am Mittwochnachmittag in die Kinderklinik eingeliefert<\/p>\n","protected":false},"author":1,"featured_media":240,"comment_status":"open","ping_status":"open","sticky":false,"template":"","format":"standard","meta":{"_monsterinsights_skip_tracking":false,"_monsterinsights_sitenote_active":false,"_monsterinsights_sitenote_note":"","_monsterinsights_sitenote_category":0,"footnotes":""},"categories":[42,2,88],"tags":[157,163,225,5,226,147],"_links":{"self":[{"href":"http:\/\/www.goldstadt-tv.de\/index.php\/wp-json\/wp\/v2\/posts\/239"}],"collection":[{"href":"http:\/\/www.goldstadt-tv.de\/index.php\/wp-json\/wp\/v2\/posts"}],"about":[{"href":"http:\/\/www.goldstadt-tv.de\/index.php\/wp-json\/wp\/v2\/types\/post"}],"author":[{"embeddable":true,"href":"http:\/\/www.goldstadt-tv.de\/index.php\/wp-json\/wp\/v2\/users\/1"}],"replies":[{"embeddable":true,"href":"http:\/\/www.goldstadt-tv.de\/index.php\/wp-json\/wp\/v2\/comments?post=239"}],"version-history":[{"count":0,"href":"http:\/\/www.goldstadt-tv.de\/index.php\/wp-json\/wp\/v2\/posts\/239\/revisions"}],"wp:featuredmedia":[{"embeddable":true,"href":"http:\/\/www.goldstadt-tv.de\/index.php\/wp-json\/wp\/v2\/media\/240"}],"wp:attachment":[{"href":"http:\/\/www.goldstadt-tv.de\/index.php\/wp-json\/wp\/v2\/media?parent=239"}],"wp:term":[{"taxonomy":"category","embeddable":true,"href":"http:\/\/www.goldstadt-tv.de\/index.php\/wp-json\/wp\/v2\/categories?post=239"},{"taxonomy":"post_tag","embeddable":true,"href":"http:\/\/www.goldstadt-tv.de\/index.php\/wp-json\/wp\/v2\/tags?post=239"}],"curies":[{"name":"wp","href":"https:\/\/api.w.org\/{rel}","templated":true}]}}