{"id":234,"date":"2016-02-28T23:08:13","date_gmt":"2016-02-28T23:08:13","guid":{"rendered":"http:\/\/www.goldstadt-tv.de\/?p=234"},"modified":"2016-02-29T19:19:06","modified_gmt":"2016-02-29T19:19:06","slug":"graefenhausen-in-der-kummerkurve-nach-ueberholvorgang-von-der-strasse-abgekommen-4-verletzte-28-02-2016","status":"publish","type":"post","link":"http:\/\/www.goldstadt-tv.de\/index.php\/2016\/02\/28\/graefenhausen-in-der-kummerkurve-nach-ueberholvorgang-von-der-strasse-abgekommen-4-verletzte-28-02-2016\/","title":{"rendered":"Gr\u00e4fenhausen: In der Klemmerkurve nach \u00dcberholvorgang von der Stra\u00dfe abgekommen &#8211; 4 Verletzte &#8211; 28.02.2016"},"content":{"rendered":"<p>Vier Schwerverletzte sowie ein Sachschaden von<br \/>\netwa 10.000 Euro waren am Sonntagabend die Folgen eines Unfalles auf<br \/>\nder Kreisstra\u00dfe 4576 zwischen Birkenfeld und Gr\u00e4fenhausen.<\/p>\n<p>Nach den Feststellungen des Verkehrskommissariats Pforzheim war<br \/>\nein 19 Jahre alter Golflenker gegen 21.05 Uhr auf absch\u00fcssiger Stra\u00dfe<br \/>\nin Richtung Gr\u00e4fenhausen unterwegs, als er im Bereich einer<br \/>\nRechtskurve zum \u00dcberholen eines Fahrzeuges ansetzte. Wohl infolge<br \/>\nnicht angepasster Geschwindigkeit geriet er zu weit nach links und<br \/>\nkam ins unbefestigte Bankett. Anschlie\u00dfend besch\u00e4digte er einen<br \/>\nLeitpfosten, fuhr einige Meter durch den Stra\u00dfengraben<br \/>\nbeziehungsweise die B\u00f6schung entlang und \u00fcberschlug sich schlie\u00dflich.<br \/>\nNach Streifen eines auf einer Wiese stehenden Baumes kam der Wagen<br \/>\ndann nach mehr als 180 Metern auf den R\u00e4dern zum Stehen.<\/p>\n<p>Neben dem 19-J\u00e4hrigen wurden drei 16 bis 18 Jahre alte Mitfahrer<br \/>\nverletzt; offenbar hatten sich zwei von diesen nicht angegurtet.<\/p>\n<p>Die drei jungen M\u00e4nner und eine 18 Jahre alte Frau wurden nach<br \/>\nerster not\u00e4rztlicher Versorgung zur weiteren Behandlung in umliegende<br \/>\nKrankenh\u00e4user gebracht.<\/p>\n<p>Bei seiner Befragung gab der Fahrer zu Protokoll, der \u00fcberholte<br \/>\nRenault-Lenker sei zu weit nach links geraten und habe ihn so zum<br \/>\nAusweichen gezwungen.<\/p>\n<p>Vielen Dank dem anonymen Melder f\u00fcr die Meldung des Unfalls per SMS! Meldet Unf\u00e4lle, Br\u00e4nde und andere Ereignisse rund um die Uhr hier oder anonym per Telefon, SMS, Telegram oder WhatsApp an 0176\/ 459 179 02!<\/p>\n<p>&nbsp;<\/p>\n<p><a data-flickr-embed=\"true\" data-footer=\"true\"  href=\"https:\/\/www.flickr.com\/photos\/goldstadttv\/albums\/72157665036835002\" title=\"Gr\u00e4fenhausen: VU in der Kummerkurve - Fahrzeug von der Stra\u00dfe abgekommen - 28.02.2016\"><img loading=\"lazy\" decoding=\"async\" src=\"https:\/\/farm2.staticflickr.com\/1541\/25265170471_12bc87f653_b.jpg\" width=\"1024\" height=\"683\" alt=\"Gr\u00e4fenhausen: VU in der Kummerkurve - Fahrzeug von der Stra\u00dfe abgekommen - 28.02.2016\"><\/a><script async src=\"\/\/embedr.flickr.com\/assets\/client-code.js\" charset=\"utf-8\"><\/script><\/p>\n","protected":false},"excerpt":{"rendered":"<p>Vier Schwerverletzte sowie ein Sachschaden von etwa 10.000 Euro waren am Sonntagabend die Folgen eines Unfalles auf der Kreisstra\u00dfe 4576<\/p>\n","protected":false},"author":1,"featured_media":235,"comment_status":"open","ping_status":"open","sticky":false,"template":"","format":"standard","meta":{"_monsterinsights_skip_tracking":false,"_monsterinsights_sitenote_active":false,"_monsterinsights_sitenote_note":"","_monsterinsights_sitenote_category":0,"footnotes":""},"categories":[219,42,217,218,88],"tags":[224,222,221,220,83,173,223,140],"_links":{"self":[{"href":"http:\/\/www.goldstadt-tv.de\/index.php\/wp-json\/wp\/v2\/posts\/234"}],"collection":[{"href":"http:\/\/www.goldstadt-tv.de\/index.php\/wp-json\/wp\/v2\/posts"}],"about":[{"href":"http:\/\/www.goldstadt-tv.de\/index.php\/wp-json\/wp\/v2\/types\/post"}],"author":[{"embeddable":true,"href":"http:\/\/www.goldstadt-tv.de\/index.php\/wp-json\/wp\/v2\/users\/1"}],"replies":[{"embeddable":true,"href":"http:\/\/www.goldstadt-tv.de\/index.php\/wp-json\/wp\/v2\/comments?post=234"}],"version-history":[{"count":0,"href":"http:\/\/www.goldstadt-tv.de\/index.php\/wp-json\/wp\/v2\/posts\/234\/revisions"}],"wp:featuredmedia":[{"embeddable":true,"href":"http:\/\/www.goldstadt-tv.de\/index.php\/wp-json\/wp\/v2\/media\/235"}],"wp:attachment":[{"href":"http:\/\/www.goldstadt-tv.de\/index.php\/wp-json\/wp\/v2\/media?parent=234"}],"wp:term":[{"taxonomy":"category","embeddable":true,"href":"http:\/\/www.goldstadt-tv.de\/index.php\/wp-json\/wp\/v2\/categories?post=234"},{"taxonomy":"post_tag","embeddable":true,"href":"http:\/\/www.goldstadt-tv.de\/index.php\/wp-json\/wp\/v2\/tags?post=234"}],"curies":[{"name":"wp","href":"https:\/\/api.w.org\/{rel}","templated":true}]}}