{"id":231,"date":"2016-02-28T17:42:41","date_gmt":"2016-02-28T17:42:41","guid":{"rendered":"http:\/\/www.goldstadt-tv.de\/?p=231"},"modified":"2016-02-28T17:42:41","modified_gmt":"2016-02-28T17:42:41","slug":"remchingen-baeume-gefaellt-buerger-sind-empoert-28-02-2016","status":"publish","type":"post","link":"http:\/\/www.goldstadt-tv.de\/index.php\/2016\/02\/28\/remchingen-baeume-gefaellt-buerger-sind-empoert-28-02-2016\/","title":{"rendered":"Remchingen: B\u00e4ume gef\u00e4llt &#8211; B\u00fcrger sind emp\u00f6rt &#8211; 28.02.2016"},"content":{"rendered":"<p>Emp\u00f6rt sind zurzeit zahlrteiche B\u00fcrger in Remchingen. Am Freitagmorgen wurden die B\u00e4ume zwischen der Kulturhalle und dem Eiscafe Cosma abges\u00e4gt. Denn an dieser Stelle wird im Sommer mit dem Bau des Rathauses begonnen. Die Rodung von B\u00e4umen soll grunds\u00e4tzlich zum Schutz der Natur nur im Winterhalbjahr erfolgen, damit insbesondere keine Tiere zu Schaden kommen. Die Gemeinde Remchingen hat dieses Zeitfenster voll ausgesch\u00f6pft und am Freitag\u00a0 die Rodung vorgenommen, so die Gemeinde in einer Pressemitteilung.<\/p>\n<p>Schade, finden die Anwohner &#8211; sie h\u00e4tten lieber ihre &#8222;gr\u00fcne Oase&#8220; mitten in der Ortschaft behalten, denn unter den B\u00e4umen haben im Sommer zahlreiche Menschen Schatten und Entspannung gesucht. Die \u00e4ltere Menschen aus dem Altenheim in der N\u00e4hen sa\u00dfen auf den aufgestellten B\u00e4nken und hatten somit ein St\u00fcckchen Natur ganz in der N\u00e4he ihres Domizils.<\/p>\n<p>Eigentlich war beabsichtigt, sogar einen B\u00fcrgernetscheid gegen die Rodung der B\u00e4ume zu veranstalten, erst am Mittwoch gab es in der Kulturhalle einen Informationsabend, bei welchem sich eine gro\u00dfe Anzahl von Remchinger gegen die Rodung ausgesprochen hat.<\/p>\n<p>Nachdem am fr\u00fchen Freitagmorgen die B\u00e4ume entfernt wurden, wurden auf den gebliebenen Baumst\u00fcmpfen Namen der Gemeindet\u00e4te angeschrieben und Kerzen aufgestellt. Kurze Zeit sp\u00e4ter erschienen die Gemeinder\u00e4te vor Ort und entfernten die Kerzen und lie\u00dfen die St\u00fcmpfe schwarz anstreichen, damit ihre Namen nicht mehr sichtbar sind, erz\u00e4hlten uns einige B\u00fcrger heute vor Ort.<\/p>\n<p>Heute trafen sich zahlreiche Anwohner vor Ort und sprachen \u00fcber das Vorgehen der Gemeinde. Jeder Baumstupf erhielt erneut eine Kerze.<\/p>\n<p>Vielen Dank der Melderin f\u00fcr den Hinweis auf den Vorfall! Meldet Vorf\u00e4lle, Demos und Unf\u00e4lle rund um die Uhr hier oder anonym per Anruf, SMS, Telegram oder WhatsApp an 0176\/ 459 179 02!<\/p>\n","protected":false},"excerpt":{"rendered":"<p>Emp\u00f6rt sind zurzeit zahlrteiche B\u00fcrger in Remchingen. Am Freitagmorgen wurden die B\u00e4ume zwischen der Kulturhalle und dem Eiscafe Cosma abges\u00e4gt.<\/p>\n","protected":false},"author":1,"featured_media":232,"comment_status":"open","ping_status":"open","sticky":false,"template":"","format":"standard","meta":{"_monsterinsights_skip_tracking":false,"_monsterinsights_sitenote_active":false,"_monsterinsights_sitenote_note":"","_monsterinsights_sitenote_category":0,"footnotes":""},"categories":[201,206,26],"tags":[210,212,215,211,214,213,216,207,209,208],"_links":{"self":[{"href":"http:\/\/www.goldstadt-tv.de\/index.php\/wp-json\/wp\/v2\/posts\/231"}],"collection":[{"href":"http:\/\/www.goldstadt-tv.de\/index.php\/wp-json\/wp\/v2\/posts"}],"about":[{"href":"http:\/\/www.goldstadt-tv.de\/index.php\/wp-json\/wp\/v2\/types\/post"}],"author":[{"embeddable":true,"href":"http:\/\/www.goldstadt-tv.de\/index.php\/wp-json\/wp\/v2\/users\/1"}],"replies":[{"embeddable":true,"href":"http:\/\/www.goldstadt-tv.de\/index.php\/wp-json\/wp\/v2\/comments?post=231"}],"version-history":[{"count":0,"href":"http:\/\/www.goldstadt-tv.de\/index.php\/wp-json\/wp\/v2\/posts\/231\/revisions"}],"wp:featuredmedia":[{"embeddable":true,"href":"http:\/\/www.goldstadt-tv.de\/index.php\/wp-json\/wp\/v2\/media\/232"}],"wp:attachment":[{"href":"http:\/\/www.goldstadt-tv.de\/index.php\/wp-json\/wp\/v2\/media?parent=231"}],"wp:term":[{"taxonomy":"category","embeddable":true,"href":"http:\/\/www.goldstadt-tv.de\/index.php\/wp-json\/wp\/v2\/categories?post=231"},{"taxonomy":"post_tag","embeddable":true,"href":"http:\/\/www.goldstadt-tv.de\/index.php\/wp-json\/wp\/v2\/tags?post=231"}],"curies":[{"name":"wp","href":"https:\/\/api.w.org\/{rel}","templated":true}]}}