{"id":221,"date":"2016-02-25T20:30:10","date_gmt":"2016-02-25T20:30:10","guid":{"rendered":"http:\/\/www.goldstadt-tv.de\/?p=221"},"modified":"2016-02-25T20:30:18","modified_gmt":"2016-02-25T20:30:18","slug":"pforzheim-kaminbrand-an-der-oestlichen-25-02-2016","status":"publish","type":"post","link":"http:\/\/www.goldstadt-tv.de\/index.php\/2016\/02\/25\/pforzheim-kaminbrand-an-der-oestlichen-25-02-2016\/","title":{"rendered":"Pforzheim: Kaminbrand auf der \u00d6stlichen &#8211; 25.02.2016"},"content":{"rendered":"<p>Zu einem Kaminbrand kam es heute Abend kurz vor 20 Uhr in einem Geb\u00e4ude an der \u00d6stlichen Karl-Friedrich-Stra\u00dfe. Die Feuerwehr erkundete die Lage und bveseitigte den Brand. Ein Schornsteinfeger wurde zur Einsatzstelle bestellt. Bei dem Brand wurde keiner verletzt.<\/p>\n<p><a data-flickr-embed=\"true\" data-footer=\"true\"  href=\"https:\/\/www.flickr.com\/photos\/goldstadttv\/albums\/72157662760305963\" title=\"Pforzheim: Kaminbrand beim &quot;Aratat&quot; - 25.02.2016\"><img loading=\"lazy\" decoding=\"async\" src=\"https:\/\/farm2.staticflickr.com\/1612\/25142568852_e50de54b27_b.jpg\" width=\"1024\" height=\"683\" alt=\"Pforzheim: Kaminbrand beim &quot;Aratat&quot; - 25.02.2016\"><\/a><script async src=\"\/\/embedr.flickr.com\/assets\/client-code.js\" charset=\"utf-8\"><\/script><\/p>\n","protected":false},"excerpt":{"rendered":"<p>Zu einem Kaminbrand kam es heute Abend kurz vor 20 Uhr in einem Geb\u00e4ude an der \u00d6stlichen Karl-Friedrich-Stra\u00dfe. Die Feuerwehr<\/p>\n","protected":false},"author":1,"featured_media":222,"comment_status":"open","ping_status":"open","sticky":false,"template":"","format":"standard","meta":{"_monsterinsights_skip_tracking":false,"_monsterinsights_sitenote_active":false,"_monsterinsights_sitenote_note":"","_monsterinsights_sitenote_category":0,"footnotes":""},"categories":[42,41,43,40],"tags":[190,47,46,191,181,44],"_links":{"self":[{"href":"http:\/\/www.goldstadt-tv.de\/index.php\/wp-json\/wp\/v2\/posts\/221"}],"collection":[{"href":"http:\/\/www.goldstadt-tv.de\/index.php\/wp-json\/wp\/v2\/posts"}],"about":[{"href":"http:\/\/www.goldstadt-tv.de\/index.php\/wp-json\/wp\/v2\/types\/post"}],"author":[{"embeddable":true,"href":"http:\/\/www.goldstadt-tv.de\/index.php\/wp-json\/wp\/v2\/users\/1"}],"replies":[{"embeddable":true,"href":"http:\/\/www.goldstadt-tv.de\/index.php\/wp-json\/wp\/v2\/comments?post=221"}],"version-history":[{"count":0,"href":"http:\/\/www.goldstadt-tv.de\/index.php\/wp-json\/wp\/v2\/posts\/221\/revisions"}],"wp:featuredmedia":[{"embeddable":true,"href":"http:\/\/www.goldstadt-tv.de\/index.php\/wp-json\/wp\/v2\/media\/222"}],"wp:attachment":[{"href":"http:\/\/www.goldstadt-tv.de\/index.php\/wp-json\/wp\/v2\/media?parent=221"}],"wp:term":[{"taxonomy":"category","embeddable":true,"href":"http:\/\/www.goldstadt-tv.de\/index.php\/wp-json\/wp\/v2\/categories?post=221"},{"taxonomy":"post_tag","embeddable":true,"href":"http:\/\/www.goldstadt-tv.de\/index.php\/wp-json\/wp\/v2\/tags?post=221"}],"curies":[{"name":"wp","href":"https:\/\/api.w.org\/{rel}","templated":true}]}}