{"id":207,"date":"2016-02-21T19:00:44","date_gmt":"2016-02-21T19:00:44","guid":{"rendered":"http:\/\/www.goldstadt-tv.de\/?p=207"},"modified":"2016-02-21T19:02:30","modified_gmt":"2016-02-21T19:02:30","slug":"schwerer-unfall-mit-3-verletzten-bei-althengstett","status":"publish","type":"post","link":"http:\/\/www.goldstadt-tv.de\/index.php\/2016\/02\/21\/schwerer-unfall-mit-3-verletzten-bei-althengstett\/","title":{"rendered":"Calw: Schwerer Unfall mit 3 Verletzten bei Althengstett"},"content":{"rendered":"<p>Die 22j\u00e4hrige Fahrerin eines Mazda war am<br \/>\nSonntagnachmittag um 15:43 Uhr auf der Landesstra\u00dfe 179 von Bad<br \/>\nLiebenzell-M\u00f6ttlingen kommend in Richtung Althengstett unterwegs. Als<br \/>\ndie Frau aus Oberfranken nach links auf die Verbindungsstra\u00dfe in<br \/>\nRichtung Simmozheim abbiegen wollte, achtete sie nicht auf einen<br \/>\nentgegenkommenden Toyota Yaris, mit dem sie im Kreuzungsbereich<br \/>\nfrontal kollidierte. Die Unfallverursacherin selbst wurde leicht<br \/>\nverletzt, ihr 58j\u00e4hriger Vater wurde als Beifahrer im Fahrzeug schwer<br \/>\nverletzt, eingeklemmt und mu\u00dfte von der Feuerwehr aus dem Auto<br \/>\nbefreit werden. Der 58j\u00e4hrige Fahrer des Toyota erlitt nur leichte<br \/>\nVerletzungen, seine 12j\u00e4hrige Nichte aus dem Landkreis Calw mu\u00dfte<br \/>\nschwer verletzt mit dem Rettungshubschrauber ins Krankenhaus<br \/>\nverbracht werden. Beide Fahrzeuge wurden total besch\u00e4digt &#8211; der<br \/>\nGesamtschaden betr\u00e4gt rund 17.000 Euro. Die Landesstra\u00dfe 179 mu\u00dfte<br \/>\nf\u00fcr mehr als eine Stunde voll gesperrt werden. Die Feuerwehren aus<br \/>\nAlthengstett und Calw waren mit insgesamt sechs Fahrzeugen an der<br \/>\nUnfallstelle. Das DRK hatte insgesamt drei Rettungswagen, einen<br \/>\nNotarzt und einen Rettungshubschrauber an der Unfallstelle im<br \/>\nEinsatz. Die Verkehrspolizei in Pforzheim hat die Sachbearbeitung des<br \/>\nUnfalls \u00fcbernommen.<\/p>\n<p>&nbsp;<\/p>\n<p><a data-flickr-embed=\"true\" data-footer=\"true\"  href=\"https:\/\/www.flickr.com\/photos\/goldstadttv\/albums\/72157664781106691\" title=\"Althengstett: Schwerer VU auf der L179 - 21.02.2016\"><img loading=\"lazy\" decoding=\"async\" src=\"https:\/\/farm2.staticflickr.com\/1612\/25174537125_0e77f69e02_b.jpg\" width=\"683\" height=\"1024\" alt=\"Althengstett: Schwerer VU auf der L179 - 21.02.2016\"><\/a><script async src=\"\/\/embedr.flickr.com\/assets\/client-code.js\" charset=\"utf-8\"><\/script><\/p>\n","protected":false},"excerpt":{"rendered":"<p>Die 22j\u00e4hrige Fahrerin eines Mazda war am Sonntagnachmittag um 15:43 Uhr auf der Landesstra\u00dfe 179 von Bad Liebenzell-M\u00f6ttlingen kommend in<\/p>\n","protected":false},"author":1,"featured_media":208,"comment_status":"open","ping_status":"open","sticky":false,"template":"","format":"standard","meta":{"_monsterinsights_skip_tracking":false,"_monsterinsights_sitenote_active":false,"_monsterinsights_sitenote_note":"","_monsterinsights_sitenote_category":0,"footnotes":""},"categories":[178,88],"tags":[179,180,83,140],"_links":{"self":[{"href":"http:\/\/www.goldstadt-tv.de\/index.php\/wp-json\/wp\/v2\/posts\/207"}],"collection":[{"href":"http:\/\/www.goldstadt-tv.de\/index.php\/wp-json\/wp\/v2\/posts"}],"about":[{"href":"http:\/\/www.goldstadt-tv.de\/index.php\/wp-json\/wp\/v2\/types\/post"}],"author":[{"embeddable":true,"href":"http:\/\/www.goldstadt-tv.de\/index.php\/wp-json\/wp\/v2\/users\/1"}],"replies":[{"embeddable":true,"href":"http:\/\/www.goldstadt-tv.de\/index.php\/wp-json\/wp\/v2\/comments?post=207"}],"version-history":[{"count":0,"href":"http:\/\/www.goldstadt-tv.de\/index.php\/wp-json\/wp\/v2\/posts\/207\/revisions"}],"wp:featuredmedia":[{"embeddable":true,"href":"http:\/\/www.goldstadt-tv.de\/index.php\/wp-json\/wp\/v2\/media\/208"}],"wp:attachment":[{"href":"http:\/\/www.goldstadt-tv.de\/index.php\/wp-json\/wp\/v2\/media?parent=207"}],"wp:term":[{"taxonomy":"category","embeddable":true,"href":"http:\/\/www.goldstadt-tv.de\/index.php\/wp-json\/wp\/v2\/categories?post=207"},{"taxonomy":"post_tag","embeddable":true,"href":"http:\/\/www.goldstadt-tv.de\/index.php\/wp-json\/wp\/v2\/tags?post=207"}],"curies":[{"name":"wp","href":"https:\/\/api.w.org\/{rel}","templated":true}]}}