{"id":187,"date":"2016-02-16T23:32:19","date_gmt":"2016-02-16T23:32:19","guid":{"rendered":"http:\/\/www.goldstadt-tv.de\/?p=187"},"modified":"2016-02-16T23:32:19","modified_gmt":"2016-02-16T23:32:19","slug":"karlsruhe-brand-auf-der-kriegsstrasse-16-02-2016","status":"publish","type":"post","link":"http:\/\/www.goldstadt-tv.de\/index.php\/2016\/02\/16\/karlsruhe-brand-auf-der-kriegsstrasse-16-02-2016\/","title":{"rendered":"Karlsruhe: Brand auf der Kriegsstra\u00dfe &#8211; 16.02.2016"},"content":{"rendered":"<p>Zu einem Brand eines Kellers kam es heute Abend in einem Wohnhaus in der Kriegsstra\u00dfe. Zurzeit haben wir nur wenig Informationen \u00fcber den Sachverhalt. Fest steht, dass der Brand inzwischen gel\u00f6scht ist, es wurde zum Gl\u00fcck auch keiner verletzt. Die Kriminalpolizei nahm Ermittlungen auf, eine Stellungsnahme wird im laufe des heutigen Tages erwartet.<\/p>\n<p>Melden Sie Br\u00e4nde, Unf\u00e4lle und andere Ereignisse in Karlsruhe, Pforzheim und Enzkreis Rund um die Uhr anonym per Telefon, SMS oder WhatsApp an 0176\/ 459 179 02!<\/p>\n<div id='gallery-1' class='gallery galleryid-187 gallery-columns-3 gallery-size-large'><figure class='gallery-item'>\n\t\t\t<div class='gallery-icon portrait'>\n\t\t\t\t<a href='http:\/\/www.goldstadt-tv.de\/index.php\/2016\/02\/16\/karlsruhe-brand-auf-der-kriegsstrasse-16-02-2016\/attachment\/20160216150450\/'><img loading=\"lazy\" decoding=\"async\" width=\"768\" height=\"1024\" src=\"http:\/\/www.goldstadt-tv.de\/wp-content\/uploads\/2016\/02\/20160216150450-768x1024.jpg\" class=\"attachment-large size-large\" alt=\"\" srcset=\"http:\/\/www.goldstadt-tv.de\/wp-content\/uploads\/2016\/02\/20160216150450-768x1024.jpg 768w, http:\/\/www.goldstadt-tv.de\/wp-content\/uploads\/2016\/02\/20160216150450-225x300.jpg 225w, http:\/\/www.goldstadt-tv.de\/wp-content\/uploads\/2016\/02\/20160216150450.jpg 1200w\" sizes=\"(max-width: 768px) 100vw, 768px\" \/><\/a>\n\t\t\t<\/div><\/figure><figure class='gallery-item'>\n\t\t\t<div class='gallery-icon landscape'>\n\t\t\t\t<a href='http:\/\/www.goldstadt-tv.de\/index.php\/2016\/02\/16\/karlsruhe-brand-auf-der-kriegsstrasse-16-02-2016\/attachment\/20160216150516\/'><img loading=\"lazy\" decoding=\"async\" width=\"800\" height=\"600\" src=\"http:\/\/www.goldstadt-tv.de\/wp-content\/uploads\/2016\/02\/20160216150516-1024x768.jpg\" class=\"attachment-large size-large\" alt=\"\" srcset=\"http:\/\/www.goldstadt-tv.de\/wp-content\/uploads\/2016\/02\/20160216150516-1024x768.jpg 1024w, http:\/\/www.goldstadt-tv.de\/wp-content\/uploads\/2016\/02\/20160216150516-300x225.jpg 300w, http:\/\/www.goldstadt-tv.de\/wp-content\/uploads\/2016\/02\/20160216150516-768x576.jpg 768w, http:\/\/www.goldstadt-tv.de\/wp-content\/uploads\/2016\/02\/20160216150516.jpg 1600w\" sizes=\"(max-width: 800px) 100vw, 800px\" \/><\/a>\n\t\t\t<\/div><\/figure><figure class='gallery-item'>\n\t\t\t<div class='gallery-icon landscape'>\n\t\t\t\t<a href='http:\/\/www.goldstadt-tv.de\/index.php\/2016\/02\/16\/karlsruhe-brand-auf-der-kriegsstrasse-16-02-2016\/attachment\/20160216150254\/'><img loading=\"lazy\" decoding=\"async\" width=\"800\" height=\"600\" src=\"http:\/\/www.goldstadt-tv.de\/wp-content\/uploads\/2016\/02\/20160216150254-1024x768.jpg\" class=\"attachment-large size-large\" alt=\"\" srcset=\"http:\/\/www.goldstadt-tv.de\/wp-content\/uploads\/2016\/02\/20160216150254-1024x768.jpg 1024w, http:\/\/www.goldstadt-tv.de\/wp-content\/uploads\/2016\/02\/20160216150254-300x225.jpg 300w, http:\/\/www.goldstadt-tv.de\/wp-content\/uploads\/2016\/02\/20160216150254-768x576.jpg 768w, http:\/\/www.goldstadt-tv.de\/wp-content\/uploads\/2016\/02\/20160216150254.jpg 1600w\" sizes=\"(max-width: 800px) 100vw, 800px\" \/><\/a>\n\t\t\t<\/div><\/figure><figure class='gallery-item'>\n\t\t\t<div class='gallery-icon landscape'>\n\t\t\t\t<a href='http:\/\/www.goldstadt-tv.de\/index.php\/2016\/02\/16\/karlsruhe-brand-auf-der-kriegsstrasse-16-02-2016\/attachment\/20160216150302\/'><img loading=\"lazy\" decoding=\"async\" width=\"800\" height=\"600\" src=\"http:\/\/www.goldstadt-tv.de\/wp-content\/uploads\/2016\/02\/20160216150302-1024x768.jpg\" class=\"attachment-large size-large\" alt=\"\" srcset=\"http:\/\/www.goldstadt-tv.de\/wp-content\/uploads\/2016\/02\/20160216150302-1024x768.jpg 1024w, http:\/\/www.goldstadt-tv.de\/wp-content\/uploads\/2016\/02\/20160216150302-300x225.jpg 300w, http:\/\/www.goldstadt-tv.de\/wp-content\/uploads\/2016\/02\/20160216150302-768x576.jpg 768w, http:\/\/www.goldstadt-tv.de\/wp-content\/uploads\/2016\/02\/20160216150302.jpg 1600w\" sizes=\"(max-width: 800px) 100vw, 800px\" \/><\/a>\n\t\t\t<\/div><\/figure><figure class='gallery-item'>\n\t\t\t<div class='gallery-icon portrait'>\n\t\t\t\t<a href='http:\/\/www.goldstadt-tv.de\/index.php\/2016\/02\/16\/karlsruhe-brand-auf-der-kriegsstrasse-16-02-2016\/attachment\/20160216150310\/'><img loading=\"lazy\" decoding=\"async\" width=\"768\" height=\"1024\" src=\"http:\/\/www.goldstadt-tv.de\/wp-content\/uploads\/2016\/02\/20160216150310-768x1024.jpg\" class=\"attachment-large size-large\" alt=\"\" srcset=\"http:\/\/www.goldstadt-tv.de\/wp-content\/uploads\/2016\/02\/20160216150310-768x1024.jpg 768w, http:\/\/www.goldstadt-tv.de\/wp-content\/uploads\/2016\/02\/20160216150310-225x300.jpg 225w, http:\/\/www.goldstadt-tv.de\/wp-content\/uploads\/2016\/02\/20160216150310.jpg 1200w\" sizes=\"(max-width: 768px) 100vw, 768px\" \/><\/a>\n\t\t\t<\/div><\/figure><figure class='gallery-item'>\n\t\t\t<div class='gallery-icon landscape'>\n\t\t\t\t<a href='http:\/\/www.goldstadt-tv.de\/index.php\/2016\/02\/16\/karlsruhe-brand-auf-der-kriegsstrasse-16-02-2016\/attachment\/20160216150322\/'><img loading=\"lazy\" decoding=\"async\" width=\"800\" height=\"600\" src=\"http:\/\/www.goldstadt-tv.de\/wp-content\/uploads\/2016\/02\/20160216150322-1024x768.jpg\" class=\"attachment-large size-large\" alt=\"\" srcset=\"http:\/\/www.goldstadt-tv.de\/wp-content\/uploads\/2016\/02\/20160216150322-1024x768.jpg 1024w, http:\/\/www.goldstadt-tv.de\/wp-content\/uploads\/2016\/02\/20160216150322-300x225.jpg 300w, http:\/\/www.goldstadt-tv.de\/wp-content\/uploads\/2016\/02\/20160216150322-768x576.jpg 768w, http:\/\/www.goldstadt-tv.de\/wp-content\/uploads\/2016\/02\/20160216150322.jpg 1600w\" sizes=\"(max-width: 800px) 100vw, 800px\" \/><\/a>\n\t\t\t<\/div><\/figure><figure class='gallery-item'>\n\t\t\t<div class='gallery-icon landscape'>\n\t\t\t\t<a href='http:\/\/www.goldstadt-tv.de\/index.php\/2016\/02\/16\/karlsruhe-brand-auf-der-kriegsstrasse-16-02-2016\/attachment\/20160216150426\/'><img loading=\"lazy\" decoding=\"async\" width=\"800\" height=\"600\" src=\"http:\/\/www.goldstadt-tv.de\/wp-content\/uploads\/2016\/02\/20160216150426-1024x768.jpg\" class=\"attachment-large size-large\" alt=\"\" srcset=\"http:\/\/www.goldstadt-tv.de\/wp-content\/uploads\/2016\/02\/20160216150426-1024x768.jpg 1024w, http:\/\/www.goldstadt-tv.de\/wp-content\/uploads\/2016\/02\/20160216150426-300x225.jpg 300w, http:\/\/www.goldstadt-tv.de\/wp-content\/uploads\/2016\/02\/20160216150426-768x576.jpg 768w, http:\/\/www.goldstadt-tv.de\/wp-content\/uploads\/2016\/02\/20160216150426.jpg 1600w\" sizes=\"(max-width: 800px) 100vw, 800px\" \/><\/a>\n\t\t\t<\/div><\/figure><figure class='gallery-item'>\n\t\t\t<div class='gallery-icon landscape'>\n\t\t\t\t<a href='http:\/\/www.goldstadt-tv.de\/index.php\/2016\/02\/16\/karlsruhe-brand-auf-der-kriegsstrasse-16-02-2016\/attachment\/20160216150432\/'><img loading=\"lazy\" decoding=\"async\" width=\"800\" height=\"600\" src=\"http:\/\/www.goldstadt-tv.de\/wp-content\/uploads\/2016\/02\/20160216150432-1024x768.jpg\" class=\"attachment-large size-large\" alt=\"\" srcset=\"http:\/\/www.goldstadt-tv.de\/wp-content\/uploads\/2016\/02\/20160216150432-1024x768.jpg 1024w, http:\/\/www.goldstadt-tv.de\/wp-content\/uploads\/2016\/02\/20160216150432-300x225.jpg 300w, http:\/\/www.goldstadt-tv.de\/wp-content\/uploads\/2016\/02\/20160216150432-768x576.jpg 768w, http:\/\/www.goldstadt-tv.de\/wp-content\/uploads\/2016\/02\/20160216150432.jpg 1600w\" sizes=\"(max-width: 800px) 100vw, 800px\" \/><\/a>\n\t\t\t<\/div><\/figure>\n\t\t<\/div>\n\n<p>&nbsp;<\/p>\n<p>&nbsp;<\/p>\n","protected":false},"excerpt":{"rendered":"<p>Zu einem Brand eines Kellers kam es heute Abend in einem Wohnhaus in der Kriegsstra\u00dfe. Zurzeit haben wir nur wenig<\/p>\n","protected":false},"author":1,"featured_media":195,"comment_status":"open","ping_status":"open","sticky":false,"template":"","format":"standard","meta":{"_monsterinsights_skip_tracking":false,"_monsterinsights_sitenote_active":false,"_monsterinsights_sitenote_note":"","_monsterinsights_sitenote_category":0,"footnotes":""},"categories":[42,41,43,2],"tags":[46,166,165],"_links":{"self":[{"href":"http:\/\/www.goldstadt-tv.de\/index.php\/wp-json\/wp\/v2\/posts\/187"}],"collection":[{"href":"http:\/\/www.goldstadt-tv.de\/index.php\/wp-json\/wp\/v2\/posts"}],"about":[{"href":"http:\/\/www.goldstadt-tv.de\/index.php\/wp-json\/wp\/v2\/types\/post"}],"author":[{"embeddable":true,"href":"http:\/\/www.goldstadt-tv.de\/index.php\/wp-json\/wp\/v2\/users\/1"}],"replies":[{"embeddable":true,"href":"http:\/\/www.goldstadt-tv.de\/index.php\/wp-json\/wp\/v2\/comments?post=187"}],"version-history":[{"count":0,"href":"http:\/\/www.goldstadt-tv.de\/index.php\/wp-json\/wp\/v2\/posts\/187\/revisions"}],"wp:featuredmedia":[{"embeddable":true,"href":"http:\/\/www.goldstadt-tv.de\/index.php\/wp-json\/wp\/v2\/media\/195"}],"wp:attachment":[{"href":"http:\/\/www.goldstadt-tv.de\/index.php\/wp-json\/wp\/v2\/media?parent=187"}],"wp:term":[{"taxonomy":"category","embeddable":true,"href":"http:\/\/www.goldstadt-tv.de\/index.php\/wp-json\/wp\/v2\/categories?post=187"},{"taxonomy":"post_tag","embeddable":true,"href":"http:\/\/www.goldstadt-tv.de\/index.php\/wp-json\/wp\/v2\/tags?post=187"}],"curies":[{"name":"wp","href":"https:\/\/api.w.org\/{rel}","templated":true}]}}