{"id":184,"date":"2016-02-16T22:47:45","date_gmt":"2016-02-16T22:47:45","guid":{"rendered":"http:\/\/www.goldstadt-tv.de\/?p=184"},"modified":"2016-02-16T22:47:45","modified_gmt":"2016-02-16T22:47:45","slug":"niefern-grosseinsatz-der-polizei-bei-streitigkeiten-in-der-asylbewerberunterkunft","status":"publish","type":"post","link":"http:\/\/www.goldstadt-tv.de\/index.php\/2016\/02\/16\/niefern-grosseinsatz-der-polizei-bei-streitigkeiten-in-der-asylbewerberunterkunft\/","title":{"rendered":"Niefern: Gro\u00dfeinsatz der Polizei bei Streitigkeiten in der Asylbewerberunterkunft"},"content":{"rendered":"<p>Zu einem Gro\u00dfeinsatz eilte heute Abend die Polizei nach Niefern in die dortige Asylbewerberunterkunft. Dort kam es zu Streitigkleiten zwischen den Bewohner. Die Lage spitze sich zu, sodass es zu gef\u00e4hrlich war, den Einsatz mit &#8222;normalen&#8220; Uniform und paar Streifenwagen zu l\u00f6sen. Also r\u00fcsteten sich die Polizeibeamten mit umfangreichen Schutzuntersilien und fuhren mit einem Gro\u00dfaufgebot das Wohnheim an. Dort hat sich die Lage schnell beruhigt. Bei dem Gro\u00dfeinsatz wurde keiner Verletzt. Eine Frau erlitt ledeglich einen Kreislaufschw\u00e4cheanfall. Sie wurde vom Rettungsdienst vor Ort behandelt.<\/p>\n<p>Melden Sie Unf\u00e4lle, Br\u00e4nde und andere Ereignisse anonym Rund um die Uhr per Anruf, SMS oder WhatsApp an 0176\/ 459 179 02!<\/p>\n<p><a data-flickr-embed=\"true\" data-footer=\"true\"  href=\"https:\/\/www.flickr.com\/photos\/goldstadttv\/albums\/72157664699865706\" title=\"Niefern: Streitigkeiten in der Asylbewerberunterkunft - 16.02.2016\"><img loading=\"lazy\" decoding=\"async\" src=\"https:\/\/farm2.staticflickr.com\/1476\/24778976850_9cc7fa07f6_b.jpg\" width=\"683\" height=\"1024\" alt=\"Niefern: Streitigkeiten in der Asylbewerberunterkunft - 16.02.2016\"><\/a><script async src=\"\/\/embedr.flickr.com\/assets\/client-code.js\" charset=\"utf-8\"><\/script><\/p>\n","protected":false},"excerpt":{"rendered":"<p>Zu einem Gro\u00dfeinsatz eilte heute Abend die Polizei nach Niefern in die dortige Asylbewerberunterkunft. Dort kam es zu Streitigkleiten zwischen<\/p>\n","protected":false},"author":1,"featured_media":185,"comment_status":"open","ping_status":"open","sticky":false,"template":"","format":"standard","meta":{"_monsterinsights_skip_tracking":false,"_monsterinsights_sitenote_active":false,"_monsterinsights_sitenote_note":"","_monsterinsights_sitenote_category":0,"footnotes":""},"categories":[42,119,40],"tags":[160,163,159,50,164,162,161],"_links":{"self":[{"href":"http:\/\/www.goldstadt-tv.de\/index.php\/wp-json\/wp\/v2\/posts\/184"}],"collection":[{"href":"http:\/\/www.goldstadt-tv.de\/index.php\/wp-json\/wp\/v2\/posts"}],"about":[{"href":"http:\/\/www.goldstadt-tv.de\/index.php\/wp-json\/wp\/v2\/types\/post"}],"author":[{"embeddable":true,"href":"http:\/\/www.goldstadt-tv.de\/index.php\/wp-json\/wp\/v2\/users\/1"}],"replies":[{"embeddable":true,"href":"http:\/\/www.goldstadt-tv.de\/index.php\/wp-json\/wp\/v2\/comments?post=184"}],"version-history":[{"count":0,"href":"http:\/\/www.goldstadt-tv.de\/index.php\/wp-json\/wp\/v2\/posts\/184\/revisions"}],"wp:featuredmedia":[{"embeddable":true,"href":"http:\/\/www.goldstadt-tv.de\/index.php\/wp-json\/wp\/v2\/media\/185"}],"wp:attachment":[{"href":"http:\/\/www.goldstadt-tv.de\/index.php\/wp-json\/wp\/v2\/media?parent=184"}],"wp:term":[{"taxonomy":"category","embeddable":true,"href":"http:\/\/www.goldstadt-tv.de\/index.php\/wp-json\/wp\/v2\/categories?post=184"},{"taxonomy":"post_tag","embeddable":true,"href":"http:\/\/www.goldstadt-tv.de\/index.php\/wp-json\/wp\/v2\/tags?post=184"}],"curies":[{"name":"wp","href":"https:\/\/api.w.org\/{rel}","templated":true}]}}