{"id":165,"date":"2016-01-09T09:11:23","date_gmt":"2016-01-09T09:11:23","guid":{"rendered":"http:\/\/www.goldstadt-tv.de\/?p=165"},"modified":"2016-01-09T09:11:23","modified_gmt":"2016-01-09T09:11:23","slug":"pforzheim-toedlicher-verkehrsunfall-zwischen-pforzheim-und-buechenbronn","status":"publish","type":"post","link":"http:\/\/www.goldstadt-tv.de\/index.php\/2016\/01\/09\/pforzheim-toedlicher-verkehrsunfall-zwischen-pforzheim-und-buechenbronn\/","title":{"rendered":"Pforzheim: T\u00f6dlicher Verkehrsunfall zwischen Pforzheim und B\u00fcchenbronn"},"content":{"rendered":"<p>Zu einem folgenschweren Verkehrsunfall kam es am<br \/>\nFreitagabend um 17:47 Uhr auf der Landesstra\u00dfe 562 zwischen Pforzheim<br \/>\nund B\u00fcchenbronn. Der 50j\u00e4hrige Fahrer eines Opel Corsa war in<br \/>\nRichtung B\u00fcchenbronn unterwegs. Als er einen rechts der Fahrbahn<br \/>\ngelegenen Parkplatz passierte, fuhr ein Fahrzeug von diesem Parkplatz<br \/>\nauf die Landesstra\u00dfe ein, ohne auf den Corsa zu achten. Es kam wohl<br \/>\nzum Zusammensto\u00df zwischen diesem Fahrzeug und dem Corsa, der<br \/>\nhierdurch nach links auf die Gegenfahrbahn abgewiesen wurde und<br \/>\nfrontal mit einem entgegenkommenden Opel Tigra kollidierte. Der<br \/>\nUnfallverursacher fl\u00fcchtete mit seinem Fahrzeug in Richtung<br \/>\nB\u00fcchenbronn. F\u00fcr den Fahrer des Opel Corsa, der aus dem Landkreis<br \/>\nCalw stammte, kam jede Hilfe zu sp\u00e4t. Er erlag noch an der<br \/>\nUnfallstelle seinen schweren Verletzungen. Die 67j\u00e4hrige Fahrerin des<br \/>\nOpel Tigra, die aus dem Enzkreis stammt, kam mit schweren<br \/>\nVerletzungen in ein Pforzheimer Krankenhaus. Beide Fahrzeuge wurden<br \/>\ndurch die Kollision total besch\u00e4digt. Die Landesstra\u00dfe 562 mu\u00dfte f\u00fcr<br \/>\nmehrere Stunden in beide Fahrtrichtungen gesperrt werden &#8211; eine<br \/>\n\u00f6rtliche Umleitung wurde eingerichtet. Die Verkehrspolizei Pforzheim<br \/>\nhat die Ermittlungen aufgenommen und einen Sachverst\u00e4ndigen<br \/>\nhinzugezogen, der sie bei der Rekonstruktion des Unfalls und den<br \/>\nweiteren Ermittlungen an der Unfallstelle unterst\u00fctzte. Die Polizei<br \/>\nleitete sofort umfangreiche Fahndungsma\u00dfnahmen nach dem fl\u00fcchtigen<br \/>\nUnfallverursacher ein. Einige Stunden nach dem schweren<br \/>\nVerkehrsunfall meldete sich ein Autofahrer bei der Verkehrspolizei<br \/>\nPforzheim. Er gab an, den Unfall verursacht zu haben. <\/p>\n<p><a data-flickr-embed=\"true\"  href=\"https:\/\/www.flickr.com\/photos\/goldstadttv\/albums\/72157663148285302\" title=\"Pforzheim: T\u00f6dlicher Vu zw. Pforzheim und B\u00fcchenbronn - 08.01.2015\"><img loading=\"lazy\" decoding=\"async\" src=\"https:\/\/farm2.staticflickr.com\/1523\/24173902591_cf1be791f4_b.jpg\" width=\"1024\" height=\"683\" alt=\"Pforzheim: T\u00f6dlicher Vu zw. Pforzheim und B\u00fcchenbronn - 08.01.2015\"><\/a><script async src=\"\/\/embedr.flickr.com\/assets\/client-code.js\" charset=\"utf-8\"><\/script><\/p>\n","protected":false},"excerpt":{"rendered":"<p>Zu einem folgenschweren Verkehrsunfall kam es am Freitagabend um 17:47 Uhr auf der Landesstra\u00dfe 562 zwischen Pforzheim und B\u00fcchenbronn. Der<\/p>\n","protected":false},"author":1,"featured_media":166,"comment_status":"open","ping_status":"open","sticky":false,"template":"","format":"standard","meta":{"_monsterinsights_skip_tracking":false,"_monsterinsights_sitenote_active":false,"_monsterinsights_sitenote_note":"","_monsterinsights_sitenote_category":0,"footnotes":""},"categories":[42,40,88],"tags":[150,44,151,83],"_links":{"self":[{"href":"http:\/\/www.goldstadt-tv.de\/index.php\/wp-json\/wp\/v2\/posts\/165"}],"collection":[{"href":"http:\/\/www.goldstadt-tv.de\/index.php\/wp-json\/wp\/v2\/posts"}],"about":[{"href":"http:\/\/www.goldstadt-tv.de\/index.php\/wp-json\/wp\/v2\/types\/post"}],"author":[{"embeddable":true,"href":"http:\/\/www.goldstadt-tv.de\/index.php\/wp-json\/wp\/v2\/users\/1"}],"replies":[{"embeddable":true,"href":"http:\/\/www.goldstadt-tv.de\/index.php\/wp-json\/wp\/v2\/comments?post=165"}],"version-history":[{"count":0,"href":"http:\/\/www.goldstadt-tv.de\/index.php\/wp-json\/wp\/v2\/posts\/165\/revisions"}],"wp:featuredmedia":[{"embeddable":true,"href":"http:\/\/www.goldstadt-tv.de\/index.php\/wp-json\/wp\/v2\/media\/166"}],"wp:attachment":[{"href":"http:\/\/www.goldstadt-tv.de\/index.php\/wp-json\/wp\/v2\/media?parent=165"}],"wp:term":[{"taxonomy":"category","embeddable":true,"href":"http:\/\/www.goldstadt-tv.de\/index.php\/wp-json\/wp\/v2\/categories?post=165"},{"taxonomy":"post_tag","embeddable":true,"href":"http:\/\/www.goldstadt-tv.de\/index.php\/wp-json\/wp\/v2\/tags?post=165"}],"curies":[{"name":"wp","href":"https:\/\/api.w.org\/{rel}","templated":true}]}}