{"id":158,"date":"2015-12-04T19:42:03","date_gmt":"2015-12-04T19:42:03","guid":{"rendered":"http:\/\/www.goldstadt-tv.de\/?p=158"},"modified":"2015-12-04T21:37:06","modified_gmt":"2015-12-04T21:37:06","slug":"karlsruhe-fahrgast-randaliert-in-der-bahn-bahnen-muessen-umgeleitet-werden","status":"publish","type":"post","link":"http:\/\/www.goldstadt-tv.de\/index.php\/2015\/12\/04\/karlsruhe-fahrgast-randaliert-in-der-bahn-bahnen-muessen-umgeleitet-werden\/","title":{"rendered":"Karlsruhe: Fahrgast randaliert in der Bahn &#8211; Bahnen m\u00fcssen umgeleitet werden"},"content":{"rendered":"<p>Zu einer kurzfristigen Umleitung der Bahnen nach der Mathystr. in Richtung Hauptbahnhof \u00fcber ZKM kam es gegen 13:45 Uhr in der Mathystra\u00dfe. Laut der Schilderung einer Augenzeugin in der Bahn, hat ein Fahrgast die Stra\u00dfenbahn bestiegen und begab sich nach vorne zu dem Stra\u00dfenbahnfahrer. Dort wollte er eine Fahrkarte haben. Der Stra\u00dfenbahnfahrer fragte den Fahrgast wohl, ob dieser seine Fahrkarte nicht an einem Automaten an der Haltestelle gekauft hat. Laut Augenzeugenangaben ist der Fahrgast dann w\u00fctend geworden und beleidigte den Stra\u00dfenbahnfahrer. Zudem fing der Fahrgast mit den F\u00fc\u00dfen die T\u00fcr zur Stra\u00dfenbahnfahrerkabine einzutreten. Es ist dem Fahrgast wohl gelungen, die T\u00fcr soweit einzutreten, dass ein erheblicher Spalt entstanden ist. Die T\u00fcr ging jedoch nicht auf. Der Stra\u00dfenbahnfahrer der Linie 2 bewaffnete sich mit einer Eisenstange, welche der Umstellung der Weichen dient. Er hielt an der Haltestelle Mathystra\u00dfe und rief die Polizei. So blieb er bis zum eintreffen der Polizei mit geschlossenen T\u00fcren stehen. Der Fahrgast beteuerte gegen\u00fcber der Polizei seine Unschuld. Seine Personalien wurden aufgenommen und er konnte anschlie\u00dfend seinen Weg fortf\u00fchren. Dennoch wurden wohl einige Bahnen aufgrund des Einsatzes \u00fcber das ZKM umgeleitet.<\/p>\n<p>Bei den Augenzeugenangaben handelt es sich um unbest\u00e4tige Informationen.<\/p>\n<p><a data-flickr-embed=\"true\"  href=\"https:\/\/www.flickr.com\/photos\/goldstadttv\/albums\/72157661957773396\" title=\"Karlsruhe: Fahrgast randaliert in der Stra\u00dfenbahn - 04.12.2015\"><img loading=\"lazy\" decoding=\"async\" src=\"https:\/\/farm1.staticflickr.com\/656\/23224750070_f58f689e93_b.jpg\" width=\"1024\" height=\"683\" alt=\"Karlsruhe: Fahrgast randaliert in der Stra\u00dfenbahn - 04.12.2015\"><\/a><script async src=\"\/\/embedr.flickr.com\/assets\/client-code.js\" charset=\"utf-8\"><\/script><\/p>\n","protected":false},"excerpt":{"rendered":"<p>Zu einer kurzfristigen Umleitung der Bahnen nach der Mathystr. in Richtung Hauptbahnhof \u00fcber ZKM kam es gegen 13:45 Uhr in<\/p>\n","protected":false},"author":1,"featured_media":159,"comment_status":"open","ping_status":"open","sticky":false,"template":"","format":"standard","meta":{"_monsterinsights_skip_tracking":false,"_monsterinsights_sitenote_active":false,"_monsterinsights_sitenote_note":"","_monsterinsights_sitenote_category":0,"footnotes":""},"categories":[42,2],"tags":[144,50,145,147,148,146,149],"_links":{"self":[{"href":"http:\/\/www.goldstadt-tv.de\/index.php\/wp-json\/wp\/v2\/posts\/158"}],"collection":[{"href":"http:\/\/www.goldstadt-tv.de\/index.php\/wp-json\/wp\/v2\/posts"}],"about":[{"href":"http:\/\/www.goldstadt-tv.de\/index.php\/wp-json\/wp\/v2\/types\/post"}],"author":[{"embeddable":true,"href":"http:\/\/www.goldstadt-tv.de\/index.php\/wp-json\/wp\/v2\/users\/1"}],"replies":[{"embeddable":true,"href":"http:\/\/www.goldstadt-tv.de\/index.php\/wp-json\/wp\/v2\/comments?post=158"}],"version-history":[{"count":0,"href":"http:\/\/www.goldstadt-tv.de\/index.php\/wp-json\/wp\/v2\/posts\/158\/revisions"}],"wp:featuredmedia":[{"embeddable":true,"href":"http:\/\/www.goldstadt-tv.de\/index.php\/wp-json\/wp\/v2\/media\/159"}],"wp:attachment":[{"href":"http:\/\/www.goldstadt-tv.de\/index.php\/wp-json\/wp\/v2\/media?parent=158"}],"wp:term":[{"taxonomy":"category","embeddable":true,"href":"http:\/\/www.goldstadt-tv.de\/index.php\/wp-json\/wp\/v2\/categories?post=158"},{"taxonomy":"post_tag","embeddable":true,"href":"http:\/\/www.goldstadt-tv.de\/index.php\/wp-json\/wp\/v2\/tags?post=158"}],"curies":[{"name":"wp","href":"https:\/\/api.w.org\/{rel}","templated":true}]}}