{"id":150,"date":"2015-10-22T17:19:39","date_gmt":"2015-10-22T17:19:39","guid":{"rendered":"http:\/\/www.goldstadt-tv.de\/?p=150"},"modified":"2015-10-22T17:19:39","modified_gmt":"2015-10-22T17:19:39","slug":"karlsruhe-erinnerungsstele-zur-deportation-der-suedwestdeutschen-juden-am-22-oktober-1940-eingeweiht","status":"publish","type":"post","link":"http:\/\/www.goldstadt-tv.de\/index.php\/2015\/10\/22\/karlsruhe-erinnerungsstele-zur-deportation-der-suedwestdeutschen-juden-am-22-oktober-1940-eingeweiht\/","title":{"rendered":"Karlsruhe: Erinnerungsstele zur Deportation der s\u00fcdwestdeutschen Juden am 22. Oktober 1940 eingeweiht"},"content":{"rendered":"<p>Die Nationalsozialisten deportierten am 22. Oktober 1940 insgesamt 6.500 s\u00fcdwestdeutsche J\u00fcdinnen und Juden in das Internierunglager Gurs. \u00dcber 1.000 von ihnen starben bereits dort unter menschenverachtenden Lebensbedingungen. F\u00fcr die meisten anderen war das Deportiertenlager am Nordrand der Pyren\u00e4en &#8222;die Vorh\u00f6lle von Auschwitz&#8220;, bevor sie im Sommer 1942 weiter in die Vernichtungslager des Ostens verschleppt und dort ermordet wurden.<\/p>\n<p>Am 75. Jahrestag der Deportation stellte die Stadt eine Erinnerungsstele am Hauptbahnhof auf. An diesem historischen Ort mussten die j\u00fcdischen Karlsruherinnen und Karlsruher, die am Morgen des 20. Oktober 1940 aus ihren H\u00e4usern getrieben wurden, den ganzen Tag \u00fcber unter Bewachung ausharren, bis sie mit Z\u00fcgen nach Gurs gebracht wurden. Die Erinnerungsstele aus rotem Sandstein und Granit, die Erster B\u00fcrgermeister Wolfram J\u00e4ger, am Donnerstag enth\u00fcllte, beseitigt das Manko, dass bislang an diesem Ort au\u00dfer einer kleinen blauen Plakette kein sichtbares Mahnmal an die Verschleppung erinnerte. Vor der Enth\u00fcllung sprachen Wolfram J\u00e4ger und David Seldner, der Vorsitzende der J\u00fcdischen Kultusgemeinde Karlsruhe.<\/p>\n<p><a data-flickr-embed=\"true\"  href=\"https:\/\/www.flickr.com\/photos\/goldstadttv\/albums\/72157659780397380\" title=\"Einweihung der Erinnerungsstele zur Deportation der s\u00fcdwestdeutschen Juden am 22. Oktober 1940 - 22.10.2015\"><img loading=\"lazy\" decoding=\"async\" src=\"https:\/\/farm1.staticflickr.com\/650\/21766631914_158edc312a_c.jpg\" width=\"800\" height=\"534\" alt=\"Einweihung der Erinnerungsstele zur Deportation der s\u00fcdwestdeutschen Juden am 22. Oktober 1940 - 22.10.2015\"><\/a><script async src=\"\/\/embedr.flickr.com\/assets\/client-code.js\" charset=\"utf-8\"><\/script><\/p>\n","protected":false},"excerpt":{"rendered":"<p>Die Nationalsozialisten deportierten am 22. Oktober 1940 insgesamt 6.500 s\u00fcdwestdeutsche J\u00fcdinnen und Juden in das Internierunglager Gurs. \u00dcber 1.000 von<\/p>\n","protected":false},"author":1,"featured_media":151,"comment_status":"open","ping_status":"open","sticky":false,"template":"","format":"standard","meta":{"_monsterinsights_skip_tracking":false,"_monsterinsights_sitenote_active":false,"_monsterinsights_sitenote_note":"","_monsterinsights_sitenote_category":0,"footnotes":""},"categories":[2],"tags":[136,133,135,137,132,134,138],"_links":{"self":[{"href":"http:\/\/www.goldstadt-tv.de\/index.php\/wp-json\/wp\/v2\/posts\/150"}],"collection":[{"href":"http:\/\/www.goldstadt-tv.de\/index.php\/wp-json\/wp\/v2\/posts"}],"about":[{"href":"http:\/\/www.goldstadt-tv.de\/index.php\/wp-json\/wp\/v2\/types\/post"}],"author":[{"embeddable":true,"href":"http:\/\/www.goldstadt-tv.de\/index.php\/wp-json\/wp\/v2\/users\/1"}],"replies":[{"embeddable":true,"href":"http:\/\/www.goldstadt-tv.de\/index.php\/wp-json\/wp\/v2\/comments?post=150"}],"version-history":[{"count":0,"href":"http:\/\/www.goldstadt-tv.de\/index.php\/wp-json\/wp\/v2\/posts\/150\/revisions"}],"wp:featuredmedia":[{"embeddable":true,"href":"http:\/\/www.goldstadt-tv.de\/index.php\/wp-json\/wp\/v2\/media\/151"}],"wp:attachment":[{"href":"http:\/\/www.goldstadt-tv.de\/index.php\/wp-json\/wp\/v2\/media?parent=150"}],"wp:term":[{"taxonomy":"category","embeddable":true,"href":"http:\/\/www.goldstadt-tv.de\/index.php\/wp-json\/wp\/v2\/categories?post=150"},{"taxonomy":"post_tag","embeddable":true,"href":"http:\/\/www.goldstadt-tv.de\/index.php\/wp-json\/wp\/v2\/tags?post=150"}],"curies":[{"name":"wp","href":"https:\/\/api.w.org\/{rel}","templated":true}]}}