{"id":127,"date":"2015-09-25T08:01:11","date_gmt":"2015-09-25T08:01:11","guid":{"rendered":"http:\/\/www.goldstadt-tv.de\/?p=127"},"modified":"2015-09-25T08:17:10","modified_gmt":"2015-09-25T08:17:10","slug":"12-schuelertage-in-karlsruhe","status":"publish","type":"post","link":"http:\/\/www.goldstadt-tv.de\/index.php\/2015\/09\/25\/12-schuelertage-in-karlsruhe\/","title":{"rendered":"12. Sch\u00fclertage in Karlsruhe"},"content":{"rendered":"<p>Die Karlsruher Sch\u00fclertage werden seit 2005 von Jugendlichen f\u00fcr Jugendliche veranstaltet. in zahlreichen Workshops k\u00f6nnen karlsruher Sch\u00fclerinnen und Sch\u00fcler ab Klasse 9 fremde Kulturen und Lebenswelten kennenlernen, neue Handlungsm\u00f6glichkeiten entdecken und gemeinsam f\u00fcr eine bessere Welt aktiv werden. Im zw\u00f6lften Jahr des Bestehens der Sch\u00fclertage greifen die jugendlichen Organisatoren ganz bewusst aktuelle nationale Themen wie Flucht, Migration und Rechtsextremismus auf. Im Workshop &#8222;Situationen einer Flucht&#8220; werden Fluchtgr\u00fcnde- Wege und die Herkunftsl\u00e4nder von Fl\u00fcchtlingen beleuchtet. Der Freundeskreis Asyl e.V. berichtet \u00fcber die aktuelle Situation in der Karlsruher Aufnahmestelle und stellt die Arbeit Karlsruher Initiativen vor.<\/p>\n<p>Ziel der Karlsruher Sch\u00fclertage ist es, Jugendlichen neue Einblicke in weltlich-kulturelle, gesellschaftskritische, soziale und politische Themen zu erm\u00f6glichen. Die Sch\u00fclerinnen und Sch\u00fcller im Organisationsteam wollen durch ihr ehrenamtlichen Engagment aktuelle Themen durch direkten Kontakt konkret\u00a0 erfahrbar werden lassen und so die Weltoffenheit und Toleranz der Jugendlichen f\u00f6rdern. Sie wollen die teilnehmenden Sch\u00fclerinnen und Sch\u00fcler dazu motivieren, an ihrer eigenen Umwelt aktiv teilzunehmen, sie zu gestalten und \u00fcber ihren kulturellen Horizont hinauszuwachsen.<\/p>\n<p>B\u00fcrgermeister Klaus Stapf informierte sich am Donnerstag \u00fcberdie Sch\u00fclertage und besuchte nach einer Rede an die Jugendlichen einen der Workshops.<\/p>\n<p>&nbsp;<br \/>\n<a data-flickr-embed=\"true\"  href=\"https:\/\/www.flickr.com\/photos\/goldstadttv\/albums\/72157658973630436\" title=\"Karlsruhe: B\u00fcrgermeister Klaus Stapf informiert sich \u00fcber die &quot;Sch\u00fclertage&quot; - 24.09.2015\"><img loading=\"lazy\" decoding=\"async\" src=\"https:\/\/farm6.staticflickr.com\/5674\/21651807456_66946a7708.jpg\" width=\"1024\" height=\"683\" alt=\"Karlsruhe: B\u00fcrgermeister Klaus Stapf informiert sich \u00fcber die &quot;Sch\u00fclertage&quot; - 24.09.2015\"><\/a><script async src=\"\/\/embedr.flickr.com\/assets\/client-code.js\" charset=\"utf-8\"><\/script><\/p>\n","protected":false},"excerpt":{"rendered":"<p>Die Karlsruher Sch\u00fclertage werden seit 2005 von Jugendlichen f\u00fcr Jugendliche veranstaltet. in zahlreichen Workshops k\u00f6nnen karlsruher Sch\u00fclerinnen und Sch\u00fcler ab<\/p>\n","protected":false},"author":1,"featured_media":128,"comment_status":"open","ping_status":"open","sticky":false,"template":"","format":"standard","meta":{"_monsterinsights_skip_tracking":false,"_monsterinsights_sitenote_active":false,"_monsterinsights_sitenote_note":"","_monsterinsights_sitenote_category":0,"footnotes":""},"categories":[119,2,28],"tags":[122,5,80,123,120,121],"_links":{"self":[{"href":"http:\/\/www.goldstadt-tv.de\/index.php\/wp-json\/wp\/v2\/posts\/127"}],"collection":[{"href":"http:\/\/www.goldstadt-tv.de\/index.php\/wp-json\/wp\/v2\/posts"}],"about":[{"href":"http:\/\/www.goldstadt-tv.de\/index.php\/wp-json\/wp\/v2\/types\/post"}],"author":[{"embeddable":true,"href":"http:\/\/www.goldstadt-tv.de\/index.php\/wp-json\/wp\/v2\/users\/1"}],"replies":[{"embeddable":true,"href":"http:\/\/www.goldstadt-tv.de\/index.php\/wp-json\/wp\/v2\/comments?post=127"}],"version-history":[{"count":0,"href":"http:\/\/www.goldstadt-tv.de\/index.php\/wp-json\/wp\/v2\/posts\/127\/revisions"}],"wp:featuredmedia":[{"embeddable":true,"href":"http:\/\/www.goldstadt-tv.de\/index.php\/wp-json\/wp\/v2\/media\/128"}],"wp:attachment":[{"href":"http:\/\/www.goldstadt-tv.de\/index.php\/wp-json\/wp\/v2\/media?parent=127"}],"wp:term":[{"taxonomy":"category","embeddable":true,"href":"http:\/\/www.goldstadt-tv.de\/index.php\/wp-json\/wp\/v2\/categories?post=127"},{"taxonomy":"post_tag","embeddable":true,"href":"http:\/\/www.goldstadt-tv.de\/index.php\/wp-json\/wp\/v2\/tags?post=127"}],"curies":[{"name":"wp","href":"https:\/\/api.w.org\/{rel}","templated":true}]}}