{"id":115,"date":"2015-09-20T18:29:25","date_gmt":"2015-09-20T18:29:25","guid":{"rendered":"http:\/\/www.goldstadt-tv.de\/?p=115"},"modified":"2015-09-20T18:29:25","modified_gmt":"2015-09-20T18:29:25","slug":"karlsruhe-aktionstag-handwerkswelten","status":"publish","type":"post","link":"http:\/\/www.goldstadt-tv.de\/index.php\/2015\/09\/20\/karlsruhe-aktionstag-handwerkswelten\/","title":{"rendered":"Karlsruhe: Aktionstag Handwerkswelten"},"content":{"rendered":"<p>B\u00fcrgermeisterin Gabriele Luczak-Schwarz er\u00f6ffnete am Samstag, den 19. September gemeinsam mit Kreishandwerksmeister Frank Z\u00f6ller sowie Joachim Wohlfeil, Pr\u00e4sident der Handwerkskammer Karlsruhe, die Handwerkswelten 2015.<\/p>\n<p>Die Handwerkswelten 2015 ist eine Gemeinschaftsveranstaltung von Kreishandwerkerschaft Region Karlsruhe und der Wirtschaftsf\u00f6rderung Karlsruhe. Der Aktionstag bietet die M\u00f6glichkeit, sich rund um Ausbildungsm\u00f6glichkeiten sowie Karrierechancen im Handwerk zu informieren. Dieses Angebot richtet sich insbesondere an Jugendliche, Eltern und Lehrer. F\u00fcr Jugendliche gibt es zudem direkt verwertbare Angebote wie eine Last-Minute Ausbildungsb\u00f6rse sowie ein Bewerbungsmappen-Check. Au\u00dferdem berichten junge Auszubildende \u00fcber ihren Berufsalltag.<\/p>\n<p>Doch auch Renovierungswillige und H\u00e4uslebauer kamen bei den Handwerkswelten auf ihre Kosten. Mit St\u00e4nden, Aktionen und viel Fachkompetenz pr\u00e4sentierten sich die Experten des Innungshandwerks. Die Bandbreite der Themen reichte von Innovationen in der Fachzeugtechnologie bis hin zu Modernisierung und energieeffizientem Bauen.<\/p>\n<p>&nbsp;<\/p>\n<p>&nbsp;<br \/>\n<a data-flickr-embed=\"true\"  href=\"https:\/\/www.flickr.com\/photos\/goldstadttv\/albums\/72157656550698953\" title=\"Karlsruhe: Aktionstag Handwerkswelten - 19.09.2015\"><img loading=\"lazy\" decoding=\"async\" src=\"https:\/\/farm6.staticflickr.com\/5679\/20952844153_39e18500a0_b.jpg\" width=\"1024\" height=\"653\" alt=\"Karlsruhe: Aktionstag Handwerkswelten - 19.09.2015\"><\/a><script async src=\"\/\/embedr.flickr.com\/assets\/client-code.js\" charset=\"utf-8\"><\/script><\/p>\n","protected":false},"excerpt":{"rendered":"<p>B\u00fcrgermeisterin Gabriele Luczak-Schwarz er\u00f6ffnete am Samstag, den 19. September gemeinsam mit Kreishandwerksmeister Frank Z\u00f6ller sowie Joachim Wohlfeil, Pr\u00e4sident der Handwerkskammer<\/p>\n","protected":false},"author":1,"featured_media":116,"comment_status":"open","ping_status":"open","sticky":false,"template":"","format":"standard","meta":{"_monsterinsights_skip_tracking":false,"_monsterinsights_sitenote_active":false,"_monsterinsights_sitenote_note":"","_monsterinsights_sitenote_category":0,"footnotes":""},"categories":[29,2],"tags":[105,104,106],"_links":{"self":[{"href":"http:\/\/www.goldstadt-tv.de\/index.php\/wp-json\/wp\/v2\/posts\/115"}],"collection":[{"href":"http:\/\/www.goldstadt-tv.de\/index.php\/wp-json\/wp\/v2\/posts"}],"about":[{"href":"http:\/\/www.goldstadt-tv.de\/index.php\/wp-json\/wp\/v2\/types\/post"}],"author":[{"embeddable":true,"href":"http:\/\/www.goldstadt-tv.de\/index.php\/wp-json\/wp\/v2\/users\/1"}],"replies":[{"embeddable":true,"href":"http:\/\/www.goldstadt-tv.de\/index.php\/wp-json\/wp\/v2\/comments?post=115"}],"version-history":[{"count":0,"href":"http:\/\/www.goldstadt-tv.de\/index.php\/wp-json\/wp\/v2\/posts\/115\/revisions"}],"wp:featuredmedia":[{"embeddable":true,"href":"http:\/\/www.goldstadt-tv.de\/index.php\/wp-json\/wp\/v2\/media\/116"}],"wp:attachment":[{"href":"http:\/\/www.goldstadt-tv.de\/index.php\/wp-json\/wp\/v2\/media?parent=115"}],"wp:term":[{"taxonomy":"category","embeddable":true,"href":"http:\/\/www.goldstadt-tv.de\/index.php\/wp-json\/wp\/v2\/categories?post=115"},{"taxonomy":"post_tag","embeddable":true,"href":"http:\/\/www.goldstadt-tv.de\/index.php\/wp-json\/wp\/v2\/tags?post=115"}],"curies":[{"name":"wp","href":"https:\/\/api.w.org\/{rel}","templated":true}]}}