{"id":1090,"date":"2021-02-07T15:49:55","date_gmt":"2021-02-07T15:49:55","guid":{"rendered":"http:\/\/www.goldstadt-tv.de\/?p=1090"},"modified":"2021-02-07T15:56:39","modified_gmt":"2021-02-07T15:56:39","slug":"zwei-schwerverletzte-nach-zweifachem-ueberschlag-zwischen-west-und-karlsbad","status":"publish","type":"post","link":"http:\/\/www.goldstadt-tv.de\/index.php\/2021\/02\/07\/zwei-schwerverletzte-nach-zweifachem-ueberschlag-zwischen-west-und-karlsbad\/","title":{"rendered":"Zwei Schwerverletzte nach zweifachem \u00dcberschlag zwischen West und Karlsbad"},"content":{"rendered":"\n<p>Zwei schwer verletzte Personen und ein zerst\u00f6rtes Auto sind das Ergebnis eines Verkehrsunfalls auf der kurvenreichen Strecke der #A8 in Fahrtrichtung Karlsruhe. Ein mit zwei Personen besetzter Wagen verunfallte kurz vor 12:00 Uhr, als der Wagen zwischen den Anschlussstellen #Pforzheim West und Karlsbad allein beteiligt aus bislang unbekannter Ursache nach rechts von der Fahrbahn abkam, sich zweimal \u00fcberschlagen hatte und auf dem Standstreifen der Autobahn zum Stillstand kam. Bislang ist bekannt, dass der Wagen unmittelbar vor dem Unfall entweder auf dem linken oder auf dem mittleren Fahrstreifen unterwegs gewesen ist.<\/p>\n\n\n\n<p>Der 19-j\u00e4hrige Fahrer sowie seine 17-j\u00e4hrige Beifahrerin wurden bei dem Unfall schwer verletzt, w\u00e4hrend der Fahrer selbstst\u00e4ndig aus seinem Wagen aussteigen konnte, musste die #Feuerwehr die beiden T\u00fcren auf der rechten Seite des Fahrzeugs entfernen, um die verletzte 17-J\u00e4hrige aus dem Fahrzeug befreien zu k\u00f6nnen.<\/p>\n\n\n\n<p>Warum es zu dem Verkehrsunfall gekommen ist, ermittelt nun die Polizei, ein technischer Defekt kann hier nicht ausgeschlossen werden. Der nicht mehr fahrbereite Wagen musste abgeschleppt werden, im Zuge des Unfalls wurden mehrere frisch gepflanzte B\u00e4ume umgefahren, die Autobahn war aufgrund des Unfalls in Fahrtrichtung Karlsruhe nur \u00fcber die linke Spur zu befahren, die rechte sowie die mittlere Fahrspur waren blockiert.<\/p>\n\n\n\n<p>Ihr erreicht mich unter <strong>0176\/ 459 179 02<\/strong>!<\/p>\n\n\n\n<figure class=\"wp-block-embed is-type-rich is-provider-flickr wp-block-embed-flickr\"><div class=\"wp-block-embed__wrapper\">\n<div class=\"fitvids-video\"><a data-flickr-embed='true' href='https:\/\/www.flickr.com\/photos\/goldstadttv\/albums\/72157718196196466' title='A8 zw. PF-West und Karlsbad - mit PKW \u00fcberschlagen - 07.02.2021 by GoldstadtTV, on Flickr'><img src='https:\/\/live.staticflickr.com\/65535\/50918156843_fd0ea8e381_c.jpg' width='800' height='600' alt='A8 zw. PF-West und Karlsbad - mit PKW \u00fcberschlagen - 07.02.2021'><\/a><script async src='https:\/\/embedr.flickr.com\/assets\/client-code.js' charset='utf-8'><\/script><\/div>\n<\/div><\/figure>\n\n\n\n<p><\/p>\n\n\n\n<p><a href=\"https:\/\/www.flickr.com\/photos\/goldstadttv\/albums\/72157718196196466\"><\/a><\/p>\n","protected":false},"excerpt":{"rendered":"<p>Zwei schwer verletzte Personen und ein zerst\u00f6rtes Auto sind das Ergebnis eines Verkehrsunfalls auf der kurvenreichen Strecke der #A8 in<\/p>\n","protected":false},"author":1,"featured_media":1094,"comment_status":"open","ping_status":"open","sticky":false,"template":"","format":"standard","meta":{"_monsterinsights_skip_tracking":false,"_monsterinsights_sitenote_active":false,"_monsterinsights_sitenote_note":"","_monsterinsights_sitenote_category":0,"footnotes":""},"categories":[167,88],"tags":[],"_links":{"self":[{"href":"http:\/\/www.goldstadt-tv.de\/index.php\/wp-json\/wp\/v2\/posts\/1090"}],"collection":[{"href":"http:\/\/www.goldstadt-tv.de\/index.php\/wp-json\/wp\/v2\/posts"}],"about":[{"href":"http:\/\/www.goldstadt-tv.de\/index.php\/wp-json\/wp\/v2\/types\/post"}],"author":[{"embeddable":true,"href":"http:\/\/www.goldstadt-tv.de\/index.php\/wp-json\/wp\/v2\/users\/1"}],"replies":[{"embeddable":true,"href":"http:\/\/www.goldstadt-tv.de\/index.php\/wp-json\/wp\/v2\/comments?post=1090"}],"version-history":[{"count":7,"href":"http:\/\/www.goldstadt-tv.de\/index.php\/wp-json\/wp\/v2\/posts\/1090\/revisions"}],"predecessor-version":[{"id":1110,"href":"http:\/\/www.goldstadt-tv.de\/index.php\/wp-json\/wp\/v2\/posts\/1090\/revisions\/1110"}],"wp:featuredmedia":[{"embeddable":true,"href":"http:\/\/www.goldstadt-tv.de\/index.php\/wp-json\/wp\/v2\/media\/1094"}],"wp:attachment":[{"href":"http:\/\/www.goldstadt-tv.de\/index.php\/wp-json\/wp\/v2\/media?parent=1090"}],"wp:term":[{"taxonomy":"category","embeddable":true,"href":"http:\/\/www.goldstadt-tv.de\/index.php\/wp-json\/wp\/v2\/categories?post=1090"},{"taxonomy":"post_tag","embeddable":true,"href":"http:\/\/www.goldstadt-tv.de\/index.php\/wp-json\/wp\/v2\/tags?post=1090"}],"curies":[{"name":"wp","href":"https:\/\/api.w.org\/{rel}","templated":true}]}}