{"id":1046,"date":"2019-07-26T16:39:20","date_gmt":"2019-07-26T16:39:20","guid":{"rendered":"http:\/\/www.goldstadt-tv.de\/?p=1046"},"modified":"2019-07-26T16:39:21","modified_gmt":"2019-07-26T16:39:21","slug":"zu-schnell-in-der-ausfahrt-porsche-bei-pf-sued-auf-dem-dach-gelandet","status":"publish","type":"post","link":"http:\/\/www.goldstadt-tv.de\/index.php\/2019\/07\/26\/zu-schnell-in-der-ausfahrt-porsche-bei-pf-sued-auf-dem-dach-gelandet\/","title":{"rendered":"Zu schnell in der Ausfahrt &#8211; Porsche bei PF-S\u00fcd auf dem Dach gelandet"},"content":{"rendered":"\n<p> Es ist bereits nicht das erste Mal, dass die scharfe Kurve der Ausfahrt Pforzheim-S\u00fcd ausw\u00e4rtigen Autofahrern zum Verh\u00e4ngnis wurde. So erging es auch einem Autofahrer mit EU-Kennzeichen heute Vormittag. Nach den ersten Informationen fuhr der Fahrer mit seinem Auto zu schnell in die Kurve, schaffte diese nicht und fuhr die B\u00f6schung hoch, drehte sich und kam anschlie\u00dfend auf dem Dach zum Liegen. Die Unfallspuren vor Ort lassen vermuten, dass der Porschefahrer die Autobahn verlassen wollte.<br>Er wurde bei dem Unfall verletzt und kam in eine pforzheimer Klinik. Sein nicht mehr fahrbereites Auto wurde abgeschleppt. Aufgrund des Unfalls war die Auffahrt auf die A8 in Fahrtrichtug Karlsruhe kurze Zeit gesperrt, anschlie\u00dfend konnte der Verkehr die Unfallstelle passieren.<\/p>\n\n\n\n<a data-flickr-embed=\"true\"  href=\"https:\/\/www.flickr.com\/photos\/goldstadttv\/albums\/72157709899968896\" title=\"Pforzheim-S\u00fcd: Zu schnell in die Kurve - Porsche landet auf Dach - 26.07.2019\"><img loading=\"lazy\" decoding=\"async\" src=\"https:\/\/live.staticflickr.com\/65535\/48380989511_fe93bc9a71_h.jpg\" width=\"1600\" height=\"1067\" alt=\"Pforzheim-S\u00fcd: Zu schnell in die Kurve - Porsche landet auf Dach - 26.07.2019\"><\/a><script async src=\"\/\/embedr.flickr.com\/assets\/client-code.js\" charset=\"utf-8\"><\/script>\n\n\n\n<p><br>Vielen Dank f\u00fcr die Info \u00fcber den Unfall per Telefon!<br>Ihr erreicht mich unter 0176\/ 459 179 02! <\/p>\n","protected":false},"excerpt":{"rendered":"<p>Es ist bereits nicht das erste Mal, dass die scharfe Kurve der Ausfahrt Pforzheim-S\u00fcd ausw\u00e4rtigen Autofahrern zum Verh\u00e4ngnis wurde. So<\/p>\n","protected":false},"author":1,"featured_media":1047,"comment_status":"open","ping_status":"open","sticky":false,"template":"","format":"standard","meta":{"_monsterinsights_skip_tracking":false,"_monsterinsights_sitenote_active":false,"_monsterinsights_sitenote_note":"","_monsterinsights_sitenote_category":0,"footnotes":""},"categories":[167,42,40,88],"tags":[964,169,966,471,965,46,377,93,528,50,276,470,83,140],"_links":{"self":[{"href":"http:\/\/www.goldstadt-tv.de\/index.php\/wp-json\/wp\/v2\/posts\/1046"}],"collection":[{"href":"http:\/\/www.goldstadt-tv.de\/index.php\/wp-json\/wp\/v2\/posts"}],"about":[{"href":"http:\/\/www.goldstadt-tv.de\/index.php\/wp-json\/wp\/v2\/types\/post"}],"author":[{"embeddable":true,"href":"http:\/\/www.goldstadt-tv.de\/index.php\/wp-json\/wp\/v2\/users\/1"}],"replies":[{"embeddable":true,"href":"http:\/\/www.goldstadt-tv.de\/index.php\/wp-json\/wp\/v2\/comments?post=1046"}],"version-history":[{"count":1,"href":"http:\/\/www.goldstadt-tv.de\/index.php\/wp-json\/wp\/v2\/posts\/1046\/revisions"}],"predecessor-version":[{"id":1048,"href":"http:\/\/www.goldstadt-tv.de\/index.php\/wp-json\/wp\/v2\/posts\/1046\/revisions\/1048"}],"wp:featuredmedia":[{"embeddable":true,"href":"http:\/\/www.goldstadt-tv.de\/index.php\/wp-json\/wp\/v2\/media\/1047"}],"wp:attachment":[{"href":"http:\/\/www.goldstadt-tv.de\/index.php\/wp-json\/wp\/v2\/media?parent=1046"}],"wp:term":[{"taxonomy":"category","embeddable":true,"href":"http:\/\/www.goldstadt-tv.de\/index.php\/wp-json\/wp\/v2\/categories?post=1046"},{"taxonomy":"post_tag","embeddable":true,"href":"http:\/\/www.goldstadt-tv.de\/index.php\/wp-json\/wp\/v2\/tags?post=1046"}],"curies":[{"name":"wp","href":"https:\/\/api.w.org\/{rel}","templated":true}]}}