{"id":1040,"date":"2019-07-25T19:55:00","date_gmt":"2019-07-25T19:55:00","guid":{"rendered":"http:\/\/www.goldstadt-tv.de\/?p=1040"},"modified":"2019-07-25T19:55:01","modified_gmt":"2019-07-25T19:55:01","slug":"auffahrunfall-zwischen-muehlacker-und-illingen-sorgt-fuer-vollsperrung-der-b10","status":"publish","type":"post","link":"http:\/\/www.goldstadt-tv.de\/index.php\/2019\/07\/25\/auffahrunfall-zwischen-muehlacker-und-illingen-sorgt-fuer-vollsperrung-der-b10\/","title":{"rendered":"Auffahrunfall zwischen M\u00fchlacker und Illingen sorgt f\u00fcr Vollsperrung der B10"},"content":{"rendered":"\n<p> W\u00e4hrend die Rettungskr\u00e4fte noch mit dem Unfall auf der Enzstra\u00dfe besch\u00e4ftigt waren, ereignete sich im Bereich M\u00fchlacker ein weiterer Verkehrsunfall.Eine 56-J\u00e4hrige war gegen 13.40 Uhr mit ihrem Pkw von M\u00fchlacker in Richtung Illingen unterwegs. <br>Kurz vor der Einm\u00fcndung Fuchsensteige hatte sich der Verkehr gestaut. Die 56-J\u00e4hrige bemerkte dies zu sp\u00e4t <br>und fuhr einem am Stauende stehenden Ford auf. Durch den Aufprall wurde der Ford auf einen davor stehenden Opel aufgeschoben. <\/p>\n\n\n\n<p>Die Unfallverursacherin und der Beifahrer im Opel wurden leicht verletzt und in ein Krankenhaus gebracht.<br>Der Sachschaden wird auf 15.000 Euro<br>gesch\u00e4tzt. <\/p>\n\n\n\n<a data-flickr-embed=\"true\"  href=\"https:\/\/www.flickr.com\/photos\/goldstadttv\/albums\/72157709884043827\" title=\"M\u00fchlacker: Auffahrunfall auf der B10 zw. M\u00fchlacker und Illingen - 25.07.2019\"><img loading=\"lazy\" decoding=\"async\" src=\"https:\/\/live.staticflickr.com\/65535\/48374775492_028385dc6b_h.jpg\" width=\"1600\" height=\"1067\" alt=\"M\u00fchlacker: Auffahrunfall auf der B10 zw. M\u00fchlacker und Illingen - 25.07.2019\"><\/a><script async src=\"\/\/embedr.flickr.com\/assets\/client-code.js\" charset=\"utf-8\"><\/script>\n\n\n\n<p><\/p>\n\n\n\n<p>Zur Unfallaufnahme musste die Bundesstra\u00dfe voll gesperrt <br>werden.  pm\/igm\n\n<\/p>\n","protected":false},"excerpt":{"rendered":"<p>W\u00e4hrend die Rettungskr\u00e4fte noch mit dem Unfall auf der Enzstra\u00dfe besch\u00e4ftigt waren, ereignete sich im Bereich M\u00fchlacker ein weiterer Verkehrsunfall.Eine<\/p>\n","protected":false},"author":1,"featured_media":1041,"comment_status":"open","ping_status":"open","sticky":false,"template":"","format":"standard","meta":{"_monsterinsights_skip_tracking":false,"_monsterinsights_sitenote_active":false,"_monsterinsights_sitenote_note":"","_monsterinsights_sitenote_category":0,"footnotes":""},"categories":[42,217,388,88],"tags":[958,168,419,46,404,405,596,83,173,309],"_links":{"self":[{"href":"http:\/\/www.goldstadt-tv.de\/index.php\/wp-json\/wp\/v2\/posts\/1040"}],"collection":[{"href":"http:\/\/www.goldstadt-tv.de\/index.php\/wp-json\/wp\/v2\/posts"}],"about":[{"href":"http:\/\/www.goldstadt-tv.de\/index.php\/wp-json\/wp\/v2\/types\/post"}],"author":[{"embeddable":true,"href":"http:\/\/www.goldstadt-tv.de\/index.php\/wp-json\/wp\/v2\/users\/1"}],"replies":[{"embeddable":true,"href":"http:\/\/www.goldstadt-tv.de\/index.php\/wp-json\/wp\/v2\/comments?post=1040"}],"version-history":[{"count":1,"href":"http:\/\/www.goldstadt-tv.de\/index.php\/wp-json\/wp\/v2\/posts\/1040\/revisions"}],"predecessor-version":[{"id":1042,"href":"http:\/\/www.goldstadt-tv.de\/index.php\/wp-json\/wp\/v2\/posts\/1040\/revisions\/1042"}],"wp:featuredmedia":[{"embeddable":true,"href":"http:\/\/www.goldstadt-tv.de\/index.php\/wp-json\/wp\/v2\/media\/1041"}],"wp:attachment":[{"href":"http:\/\/www.goldstadt-tv.de\/index.php\/wp-json\/wp\/v2\/media?parent=1040"}],"wp:term":[{"taxonomy":"category","embeddable":true,"href":"http:\/\/www.goldstadt-tv.de\/index.php\/wp-json\/wp\/v2\/categories?post=1040"},{"taxonomy":"post_tag","embeddable":true,"href":"http:\/\/www.goldstadt-tv.de\/index.php\/wp-json\/wp\/v2\/tags?post=1040"}],"curies":[{"name":"wp","href":"https:\/\/api.w.org\/{rel}","templated":true}]}}