{"id":1037,"date":"2019-07-25T19:44:41","date_gmt":"2019-07-25T19:44:41","guid":{"rendered":"http:\/\/www.goldstadt-tv.de\/?p=1037"},"modified":"2019-07-25T19:44:43","modified_gmt":"2019-07-25T19:44:43","slug":"vollsperrung-der-enzstrasse-in-muehlacker-nach-verkehrsunfall-mit-5-fahrzeugen","status":"publish","type":"post","link":"http:\/\/www.goldstadt-tv.de\/index.php\/2019\/07\/25\/vollsperrung-der-enzstrasse-in-muehlacker-nach-verkehrsunfall-mit-5-fahrzeugen\/","title":{"rendered":"Vollsperrung der Enzstra\u00dfe in M\u00fchlacker nach Verkehrsunfall mit 5 Fahrzeugen"},"content":{"rendered":"\n<p> Zu Verkehrbehinderungen f\u00fchrte ein Unfall mit 5 beteiligten Fahrzeugen an der Enzstra\u00dfe in M\u00fchlacker heute Mittag.<\/p>\n\n\n\n<p>Die 27-j\u00e4hrige Fahrerin eines Postfahrzeuges war kurz vor 13.00 Uhr auf der Enzstra\u00dfe aus Richtung <br>D\u00fcrrmenz kommend unterwegs.<\/p>\n\n\n\n<p>In H\u00f6he der Hausnummer 48 \u00fcberholte sie einen vor ihr fahrenden VW, ohne auf den Gegenverkehr zu achten. Eine entgegenkommender Seatfahrer bremste seinFahrzeug voll ab und wich nach rechts aus. Die nachfolgende Fahrerin eines VW und die Fahrerein eines Porschet konnten nicht mehr rechtzeitig bremsen und fuhren auf. <br>Die beiden Fahrerinnen und der Fahrer wurden leicht verletzt und mit Rettungswagen in ein Krankenhaus gebracht. Zwei Fahrzeuge mussten<br>angeschleppt werden. <\/p>\n\n\n\n<p>Bei dem \u00dcberholman\u00f6ver streifte die 27-J\u00e4hrige <br>noch den VW und besch\u00e4digte den linken Au\u00dfenspiegel. Zur  Unfallaufnahme musste die Enzstra\u00dfe gesperrt werden. Ab 14.00 Uhr war sie dann halbseitig befahrbar. Die Sperrung konnte gegen 14.20 Uhr aufgehoben werden. pm\/igm<\/p>\n\n\n\n<a data-flickr-embed=\"true\"  href=\"https:\/\/www.flickr.com\/photos\/goldstadttv\/albums\/72157709879625957\" title=\"M\u00fchlacker: Unfall mit 5 Fahrzeugen auf der Enzstra\u00dfe - 25.07.20198\"><img loading=\"lazy\" decoding=\"async\" src=\"https:\/\/live.staticflickr.com\/65535\/48372901141_95b51e7e59_h.jpg\" width=\"1600\" height=\"1067\" alt=\"M\u00fchlacker: Unfall mit 5 Fahrzeugen auf der Enzstra\u00dfe - 25.07.20198\"><\/a><script async src=\"\/\/embedr.flickr.com\/assets\/client-code.js\" charset=\"utf-8\"><\/script>\n\n\n\n<p><\/p>\n\n\n\n<p><br>Vielen Dank f\u00fcr die Info \u00fcber den Unfall per <strong>WhatsApp<\/strong>!<br>Ihr erreicht mich unter  <strong>0176\/ 459 179 02<\/strong>! <\/p>\n","protected":false},"excerpt":{"rendered":"<p>Zu Verkehrbehinderungen f\u00fchrte ein Unfall mit 5 beteiligten Fahrzeugen an der Enzstra\u00dfe in M\u00fchlacker heute Mittag. Die 27-j\u00e4hrige Fahrerin eines<\/p>\n","protected":false},"author":1,"featured_media":1038,"comment_status":"open","ping_status":"open","sticky":false,"template":"","format":"standard","meta":{"_monsterinsights_skip_tracking":false,"_monsterinsights_sitenote_active":false,"_monsterinsights_sitenote_note":"","_monsterinsights_sitenote_category":0,"footnotes":""},"categories":[42,217,388,88],"tags":[958,874,46,405,50,957,83,309],"_links":{"self":[{"href":"http:\/\/www.goldstadt-tv.de\/index.php\/wp-json\/wp\/v2\/posts\/1037"}],"collection":[{"href":"http:\/\/www.goldstadt-tv.de\/index.php\/wp-json\/wp\/v2\/posts"}],"about":[{"href":"http:\/\/www.goldstadt-tv.de\/index.php\/wp-json\/wp\/v2\/types\/post"}],"author":[{"embeddable":true,"href":"http:\/\/www.goldstadt-tv.de\/index.php\/wp-json\/wp\/v2\/users\/1"}],"replies":[{"embeddable":true,"href":"http:\/\/www.goldstadt-tv.de\/index.php\/wp-json\/wp\/v2\/comments?post=1037"}],"version-history":[{"count":1,"href":"http:\/\/www.goldstadt-tv.de\/index.php\/wp-json\/wp\/v2\/posts\/1037\/revisions"}],"predecessor-version":[{"id":1039,"href":"http:\/\/www.goldstadt-tv.de\/index.php\/wp-json\/wp\/v2\/posts\/1037\/revisions\/1039"}],"wp:featuredmedia":[{"embeddable":true,"href":"http:\/\/www.goldstadt-tv.de\/index.php\/wp-json\/wp\/v2\/media\/1038"}],"wp:attachment":[{"href":"http:\/\/www.goldstadt-tv.de\/index.php\/wp-json\/wp\/v2\/media?parent=1037"}],"wp:term":[{"taxonomy":"category","embeddable":true,"href":"http:\/\/www.goldstadt-tv.de\/index.php\/wp-json\/wp\/v2\/categories?post=1037"},{"taxonomy":"post_tag","embeddable":true,"href":"http:\/\/www.goldstadt-tv.de\/index.php\/wp-json\/wp\/v2\/tags?post=1037"}],"curies":[{"name":"wp","href":"https:\/\/api.w.org\/{rel}","templated":true}]}}