{"id":1031,"date":"2019-07-24T16:52:26","date_gmt":"2019-07-24T16:52:26","guid":{"rendered":"http:\/\/www.goldstadt-tv.de\/?p=1031"},"modified":"2019-07-24T16:52:27","modified_gmt":"2019-07-24T16:52:27","slug":"zusammenstoss-zwischen-pkw-und-lkw-zwischen-pforzheim-und-ersinger-kreuz-pkw-fahrer-lebensgefaehrlich-verletzt","status":"publish","type":"post","link":"http:\/\/www.goldstadt-tv.de\/index.php\/2019\/07\/24\/zusammenstoss-zwischen-pkw-und-lkw-zwischen-pforzheim-und-ersinger-kreuz-pkw-fahrer-lebensgefaehrlich-verletzt\/","title":{"rendered":"Zusammensto\u00df zwischen PKW und  LKW zwischen Pforzheim und Ersinger Kreuz &#8211; PKW-Fahrer lebensgef\u00e4hrlich verletzt."},"content":{"rendered":"\n<p>Lebensgef\u00e4hrliche Verletzungen erlitt heute Nachmittag ein 63-j\u00e4hriger Autofahrer, der auf der Bundestra\u00dfe 10<br> beim Ersinger Kreuz mit einem Lkw zusammenstie\u00df.<\/p>\n\n\n\n<p>Ein 51 Jahre alter Lkw-Fahrer war gegen 13.15 Uhr von Pforzheim kommend auf der B 10 in Fahrtrichtung Ersinger Kreuz unterwegs. In einer langgezogenen Linkskurve geriet nach ersten Feststellungen des <br> Verkehrskommissariats Pforzheim der 63-j\u00e4hrige entgegenkommende VW-Fahrer auf die Gegenfahrbahn. Der Lkw stie\u00df dabei in die linke Seite des Pkw, wodurch der 63-j\u00e4hrige in seinem Fahrzeug eingeklemmt <br> und durch die herbeigeeilte Feuerwehr befreit werden musste. <\/p>\n\n\n\n<p>Er erlitt lebensgef\u00e4hrliche Verletzungen und wurde durch die Rettungskr\u00e4fte in ein Krankenhaus gebracht. Der Lkw-Fahrer blieb unverletzt. <\/p>\n\n\n\n<p>Die Bundesstra\u00dfe wurde f\u00fcr die Unfallaufnahme zwischen <br> der Wilferdinger H\u00f6he und dem Ersinger Kreuz voll gesperrt. Der Unfallschaden wird auf rund 18.000 Euro gesch\u00e4tzt. Beide Fahrzeuge wurden abgeschleppt, die Strecke musste aufgrund des Einsatzes in beide Richtungen gesperrt werden. Bereits auf der Anfahrt haben die Rettungskr\u00e4fte Probleme gehabt, an die Einsatzstelle zu kommen. Zum ersten wurde die Rettungsgasse nicht gebildet, zum anderen bremsten wendende Fahrzeuge die Einsatzfahrzeuge aus. Bei der Anfahrt streifte einer der Feuerwehrwagen einen PKW und besch\u00e4digte diesen. Die Polizeibeamte vor Ort nahmen auch diesen Sachverhalt auf.  pm\/igm<\/p>\n\n\n\n<a data-flickr-embed=\"true\"  href=\"https:\/\/www.flickr.com\/photos\/goldstadttv\/albums\/72157709859852212\" title=\"Zw. Pforzheim und Ersinger Kreuz - VU zw. PKW und LKW - 24.07.2019\"><img loading=\"lazy\" decoding=\"async\" src=\"https:\/\/live.staticflickr.com\/65535\/48365970601_cd9c5b795b_h.jpg\" width=\"1600\" height=\"1067\" alt=\"Zw. Pforzheim und Ersinger Kreuz - VU zw. PKW und LKW - 24.07.2019\"><\/a><script async src=\"\/\/embedr.flickr.com\/assets\/client-code.js\" charset=\"utf-8\"><\/script>\n\n\n\n<p>Vielen Dank f\u00fcr die Info \u00fcber den Unfall per <strong>WhatsApp<\/strong>!<br> Ihr erreicht mich unter <strong>0176\/ 459 179 02<\/strong>!<\/p>\n","protected":false},"excerpt":{"rendered":"<p>Lebensgef\u00e4hrliche Verletzungen erlitt heute Nachmittag ein 63-j\u00e4hriger Autofahrer, der auf der Bundestra\u00dfe 10 beim Ersinger Kreuz mit einem Lkw zusammenstie\u00df.<\/p>\n","protected":false},"author":1,"featured_media":1032,"comment_status":"open","ping_status":"open","sticky":false,"template":"","format":"standard","meta":{"_monsterinsights_skip_tracking":false,"_monsterinsights_sitenote_active":false,"_monsterinsights_sitenote_note":"","_monsterinsights_sitenote_category":0,"footnotes":""},"categories":[42,40,88],"tags":[652,306,307,83,309,140,410],"_links":{"self":[{"href":"http:\/\/www.goldstadt-tv.de\/index.php\/wp-json\/wp\/v2\/posts\/1031"}],"collection":[{"href":"http:\/\/www.goldstadt-tv.de\/index.php\/wp-json\/wp\/v2\/posts"}],"about":[{"href":"http:\/\/www.goldstadt-tv.de\/index.php\/wp-json\/wp\/v2\/types\/post"}],"author":[{"embeddable":true,"href":"http:\/\/www.goldstadt-tv.de\/index.php\/wp-json\/wp\/v2\/users\/1"}],"replies":[{"embeddable":true,"href":"http:\/\/www.goldstadt-tv.de\/index.php\/wp-json\/wp\/v2\/comments?post=1031"}],"version-history":[{"count":1,"href":"http:\/\/www.goldstadt-tv.de\/index.php\/wp-json\/wp\/v2\/posts\/1031\/revisions"}],"predecessor-version":[{"id":1033,"href":"http:\/\/www.goldstadt-tv.de\/index.php\/wp-json\/wp\/v2\/posts\/1031\/revisions\/1033"}],"wp:featuredmedia":[{"embeddable":true,"href":"http:\/\/www.goldstadt-tv.de\/index.php\/wp-json\/wp\/v2\/media\/1032"}],"wp:attachment":[{"href":"http:\/\/www.goldstadt-tv.de\/index.php\/wp-json\/wp\/v2\/media?parent=1031"}],"wp:term":[{"taxonomy":"category","embeddable":true,"href":"http:\/\/www.goldstadt-tv.de\/index.php\/wp-json\/wp\/v2\/categories?post=1031"},{"taxonomy":"post_tag","embeddable":true,"href":"http:\/\/www.goldstadt-tv.de\/index.php\/wp-json\/wp\/v2\/tags?post=1031"}],"curies":[{"name":"wp","href":"https:\/\/api.w.org\/{rel}","templated":true}]}}