{"id":1015,"date":"2019-05-20T20:14:59","date_gmt":"2019-05-20T20:14:59","guid":{"rendered":"http:\/\/www.goldstadt-tv.de\/?p=1015"},"modified":"2019-05-20T20:15:00","modified_gmt":"2019-05-20T20:15:00","slug":"drogen-im-spiel-19-jaehriger-schlaegt-noch-einem-unbekannten-ins-gesicht-zeugen-und-geschaedigter-gesucht","status":"publish","type":"post","link":"http:\/\/www.goldstadt-tv.de\/index.php\/2019\/05\/20\/drogen-im-spiel-19-jaehriger-schlaegt-noch-einem-unbekannten-ins-gesicht-zeugen-und-geschaedigter-gesucht\/","title":{"rendered":"Drogen im Spiel? 19-j\u00e4hriger schl\u00e4gt noch einem unbekannten ins Gesicht: Zeugen und Gesch\u00e4digter gesucht!"},"content":{"rendered":"\n<p>Nach einem Ereignis mit einem renitenten 19-J\u00e4hrigen in der Nacht zum Sonntag vor einem\u00a0Pub\u00a0in der Pforzheimer<br>Zehnthofstra\u00dfe\u00a0sucht das Polizeirevier\u00a0Pforzheim-Nord noch einen Gesch\u00e4digten sowie weitere Zeugen. Anrufer meldeten zun\u00e4chst gegen 0.10 Uhr am Sonntag eine\u00a0<br>randalierende Person.<\/p>\n\n\n\n<p>Als eine Polizeistreife vor Ort eintraf, schlug der 19-j\u00e4hriger beim Queren der Stra\u00dfe einen noch unbekannten Passanten mit der\u00a0Faust\u00a0ins Gesicht. Anschlie\u00dfend rannte der junge Mann seitlich gegen den Streifenwagen und rollte \u00fcber die Motorhaube ab, noch bevor die Beamten aussteigen konnten.<\/p>\n\n\n\n<p>Weitere Zeugen fixierten den Aggressor schlie\u00dflich am Boden, worauf ihn die Polizeibeamten fesselten.<\/p>\n\n\n\n<p>Da der Festgenommene aus unklarem Grund aus der Nase blutete, wurde ein\u00a0Rettungsdienst\u00a0hinzugezogen. Die Ersthelfer brachten den Verletzten in eine Klinik. M\u00f6glicherweise stand der 19-j\u00e4hrige US-B\u00fcrger unter\u00a0<br>dem Einfluss von Drogen.<\/p>\n\n\n\n<p>Noch sucht das Polizeirevier Pforzheim-Nord den Gesch\u00e4digten, der einen Fausthieb erhalten hat und nicht mehr anzutreffen war.<\/p>\n\n\n\n<p>Dar\u00fcber hinaus werden weitere Zeugen gesucht, die zur Kl\u00e4rung der Hintergr\u00fcnde des Verhaltens beitragen k\u00f6nnten. Entsprechende Meldungen nimmt das Revier PF-Nord unter 07231\/186-3211 entgegen. pm\/igm<\/p>\n\n\n\n<p>Vielen Dank f\u00fcr die Info \u00fcber den Vorfall per WhatsApp!<br>Ihr erreicht mich unter 0176\/ 459 179 02!<\/p>\n\n\n\n<p><\/p>\n","protected":false},"excerpt":{"rendered":"<p>Nach einem Ereignis mit einem renitenten 19-J\u00e4hrigen in der Nacht zum Sonntag vor einem\u00a0Pub\u00a0in der PforzheimerZehnthofstra\u00dfe\u00a0sucht das Polizeirevier\u00a0Pforzheim-Nord noch einen<\/p>\n","protected":false},"author":1,"featured_media":1016,"comment_status":"open","ping_status":"open","sticky":false,"template":"","format":"standard","meta":{"_monsterinsights_skip_tracking":false,"_monsterinsights_sitenote_active":false,"_monsterinsights_sitenote_note":"","_monsterinsights_sitenote_category":0,"footnotes":""},"categories":[42,40,240],"tags":[938,50,164,939,940,937],"_links":{"self":[{"href":"http:\/\/www.goldstadt-tv.de\/index.php\/wp-json\/wp\/v2\/posts\/1015"}],"collection":[{"href":"http:\/\/www.goldstadt-tv.de\/index.php\/wp-json\/wp\/v2\/posts"}],"about":[{"href":"http:\/\/www.goldstadt-tv.de\/index.php\/wp-json\/wp\/v2\/types\/post"}],"author":[{"embeddable":true,"href":"http:\/\/www.goldstadt-tv.de\/index.php\/wp-json\/wp\/v2\/users\/1"}],"replies":[{"embeddable":true,"href":"http:\/\/www.goldstadt-tv.de\/index.php\/wp-json\/wp\/v2\/comments?post=1015"}],"version-history":[{"count":2,"href":"http:\/\/www.goldstadt-tv.de\/index.php\/wp-json\/wp\/v2\/posts\/1015\/revisions"}],"predecessor-version":[{"id":1018,"href":"http:\/\/www.goldstadt-tv.de\/index.php\/wp-json\/wp\/v2\/posts\/1015\/revisions\/1018"}],"wp:featuredmedia":[{"embeddable":true,"href":"http:\/\/www.goldstadt-tv.de\/index.php\/wp-json\/wp\/v2\/media\/1016"}],"wp:attachment":[{"href":"http:\/\/www.goldstadt-tv.de\/index.php\/wp-json\/wp\/v2\/media?parent=1015"}],"wp:term":[{"taxonomy":"category","embeddable":true,"href":"http:\/\/www.goldstadt-tv.de\/index.php\/wp-json\/wp\/v2\/categories?post=1015"},{"taxonomy":"post_tag","embeddable":true,"href":"http:\/\/www.goldstadt-tv.de\/index.php\/wp-json\/wp\/v2\/tags?post=1015"}],"curies":[{"name":"wp","href":"https:\/\/api.w.org\/{rel}","templated":true}]}}